{"id":10176,"date":"2021-06-02T20:46:20","date_gmt":"2021-06-02T23:46:20","guid":{"rendered":"https:\/\/larealidaddelaplata.com.ar\/?p=10176"},"modified":"2021-06-02T20:46:20","modified_gmt":"2021-06-02T23:46:20","slug":"ensenada-secco-aplico-beneficios-para-los-comercios-afectados-por-la-pandemia","status":"publish","type":"post","link":"https:\/\/larealidaddelaplata.com.ar\/index.php\/2021\/06\/02\/ensenada-secco-aplico-beneficios-para-los-comercios-afectados-por-la-pandemia\/","title":{"rendered":"Ensenada: Secco aplic\u00f3 beneficios para los comercios afectados por la pandemia"},"content":{"rendered":"\n<p><strong>Mario Secco,&nbsp;<\/strong>intendente de Ensenada en conjunto con la C\u00e1mara de Comercio de la ciudad tom\u00f3 la decisi\u00f3n de aplicar beneficios impositivos para los comerciantes afectados por la situaci\u00f3n actual. En esta misma l\u00ednea se realizar\u00e1 un un aporte m\u00e1s a los comercios locales, con los que se trabaja desde el primer d\u00eda.<\/p>\n\n\n\n<p>Habr\u00e1 una eximici\u00f3n del 100% del pago de tasa de seguridad e higiene entre el 1ro de junio y el 31 de diciembre para guarder\u00edas y\/o jardines maternales; restaurantes y bares; gimnasios; discotecas; transportes escolares y salones de fiestas. Del 1ro de junio al 31 de julio, se eximir\u00e1 a comercios de indumentaria; bijouterie y accesorios; zapater\u00edas y prendas de vestir.<\/p>\n\n\n\n<figure class=\"wp-block-embed is-type-rich is-provider-twitter wp-block-embed-twitter\"><div class=\"wp-block-embed__wrapper\">\n<blockquote class=\"twitter-tweet\" data-width=\"550\" data-dnt=\"true\"><p lang=\"es\" dir=\"ltr\">\u2757Entendiendo los problemas econ\u00f3micos que trae la pandemia de Covid19 y en un trabajo conjunto con la C\u00e1mara de Comercio de nuestra ciudad, tom\u00e9 la decisi\u00f3n de aplicar beneficios impositivos para los comerciantes afectados por la situaci\u00f3n actual.\ud83d\udecd <a href=\"https:\/\/t.co\/chgHiJBPvN\">pic.twitter.com\/chgHiJBPvN<\/a><\/p>&mdash; Mario Secco (@MarioSeccoOK) <a href=\"https:\/\/twitter.com\/MarioSeccoOK\/status\/1400093699405762567?ref_src=twsrc%5Etfw\">June 2, 2021<\/a><\/blockquote><script async src=\"https:\/\/platform.twitter.com\/widgets.js\" charset=\"utf-8\"><\/script>\n<\/div><\/figure>\n\n\n\n<p>Por otro lado, habr\u00e1 una suspensi\u00f3n de los juicios de apremio hasta el 31 de diciembre. Los titulares de comercios deber\u00e1n iniciar el tr\u00e1mite de eximici\u00f3n ante la Subsecretar\u00eda de Recaudaci\u00f3n en Pte. Per\u00f3n y San Mart\u00edn.<\/p>\n\n\n\n<p>Al respecto, el presidente de la C\u00e1mara de Comercio e Industria local,&nbsp;<strong>Luis Blasetti<\/strong>, sostuvo: \u201cNecesitamos estas medidas, sabemos que lo fundamental para nuestros comercios es que esta rueda no se detenga. El Intendente invierte, no s\u00f3lo en Salud para atacar a este enemigo invisible que es el Coronavirus, sino tambi\u00e9n en obras, que traen como consecuencia trabajo\u201d.<\/p>\n\n\n\n<p>En la misma l\u00ednea, agreg\u00f3: \u201cAlgo que siempre hablamos desde la C\u00e1mara de Comercio e Industria, es que cuando el trabajador tiene un peso en el bolsillo lo traslada a nuestros comercios comprando y dejando su dinero en nuestra localidad\u201d. \u201cDe esta forma se mueve este engranaje que es muy importante, no nos olvidemos que estad\u00edsticamente, por cada comercio hay un promedio de tres o cuatro familias que viven de la actividad\u201d, concluy\u00f3 Blasetti.<\/p>\n","protected":false},"excerpt":{"rendered":"<p>Mario Secco,&nbsp;intendente de Ensenada en conjunto con la C\u00e1mara de Comercio de la ciudad tom\u00f3 la decisi\u00f3n de aplicar beneficios impositivos para los comerciantes afectados por la situaci\u00f3n actual. En esta misma l\u00ednea se realizar\u00e1 un un aporte m\u00e1s a los comercios locales, con los que se trabaja desde el primer d\u00eda. Habr\u00e1 una eximici\u00f3n del 100% del pago de tasa de seguridad e higiene entre el 1ro de junio&hellip;<\/p>\n","protected":false},"author":3,"featured_media":10182,"comment_status":"open","ping_status":"open","sticky":false,"template":"","format":"standard","meta":{"_acf_changed":false,"footnotes":""},"categories":[2],"tags":[],"class_list":["post-10176","post","type-post","status-publish","format-standard","has-post-thumbnail","hentry","category-provincia"],"acf":[],"aioseo_notices":[],"_links":{"self":[{"href":"https:\/\/larealidaddelaplata.com.ar\/index.php\/wp-json\/wp\/v2\/posts\/10176"}],"collection":[{"href":"https:\/\/larealidaddelaplata.com.ar\/index.php\/wp-json\/wp\/v2\/posts"}],"about":[{"href":"https:\/\/larealidaddelaplata.com.ar\/index.php\/wp-json\/wp\/v2\/types\/post"}],"author":[{"embeddable":true,"href":"https:\/\/larealidaddelaplata.com.ar\/index.php\/wp-json\/wp\/v2\/users\/3"}],"replies":[{"embeddable":true,"href":"https:\/\/larealidaddelaplata.com.ar\/index.php\/wp-json\/wp\/v2\/comments?post=10176"}],"version-history":[{"count":0,"href":"https:\/\/larealidaddelaplata.com.ar\/index.php\/wp-json\/wp\/v2\/posts\/10176\/revisions"}],"wp:featuredmedia":[{"embeddable":true,"href":"https:\/\/larealidaddelaplata.com.ar\/index.php\/wp-json\/wp\/v2\/media\/10182"}],"wp:attachment":[{"href":"https:\/\/larealidaddelaplata.com.ar\/index.php\/wp-json\/wp\/v2\/media?parent=10176"}],"wp:term":[{"taxonomy":"category","embeddable":true,"href":"https:\/\/larealidaddelaplata.com.ar\/index.php\/wp-json\/wp\/v2\/categories?post=10176"},{"taxonomy":"post_tag","embeddable":true,"href":"https:\/\/larealidaddelaplata.com.ar\/index.php\/wp-json\/wp\/v2\/tags?post=10176"}],"curies":[{"name":"wp","href":"https:\/\/api.w.org\/{rel}","templated":true}]}}