{"id":10504,"date":"2021-06-14T11:43:43","date_gmt":"2021-06-14T14:43:43","guid":{"rendered":"https:\/\/larealidaddelaplata.com.ar\/?p=10504"},"modified":"2021-06-14T11:43:44","modified_gmt":"2021-06-14T14:43:44","slug":"el-municipio-extiende-la-suspension-del-cobro-del-estacionamiento-medido","status":"publish","type":"post","link":"https:\/\/larealidaddelaplata.com.ar\/index.php\/2021\/06\/14\/el-municipio-extiende-la-suspension-del-cobro-del-estacionamiento-medido\/","title":{"rendered":"El Municipio extiende la suspensi\u00f3n del cobro del estacionamiento medido"},"content":{"rendered":"\n<p>Se trata de una ampliaci\u00f3n de la medida que ya reg\u00eda en la ciudad. &#8220;La pr\u00f3rroga responde a las diversas medidas adoptadas por la Comuna para prevenir el avance del coronavirus&#8221;, indicaron en a trav\u00e9s de un comunicado y aclararon que no se cobrar\u00e1 tarifa por estacionar en las zonas donde rige el medido.<\/p>\n\n\n\n<p>La disposici\u00f3n favorece a quienes asisten todos los d\u00edas a sus trabajos en el centro de la ciudad con el objetivo de que utilicen sus propios veh\u00edculos para trasladarse y se reduzca as\u00ed la cantidad de personas que circula en los micros, donde se corre un mayor riesgo de contraer COVID-19.<\/p>\n\n\n\n<p>As\u00ed las cosas, en el Municipio destacaron la importancia de respetar la esencialidad del transporte p\u00fablico y utilizar los medios alternativos para trasladarse, tales como la bicicleta y los veh\u00edculos particulares.<\/p>\n\n\n\n<p>Como parte de las medidas de prevenci\u00f3n, las autoridades locales pidieron extremar los cuidados, cumplir con los protocolos vigentes y tener responsabilidad individual frente a este contexto sanitario.<\/p>\n\n\n\n<p>La medida llega tras los anuncios realizados por el presidente Alberto Fern\u00e1ndez el \u00faltimo viernes y un fin de semana con m\u00e1s flexibilizaciones, el regreso de actividades comerciales y deportivas y la apertura de bares y restaurantes, entre otros locales.<\/p>\n","protected":false},"excerpt":{"rendered":"<p>Se trata de una ampliaci\u00f3n de la medida que ya reg\u00eda en la ciudad. &#8220;La pr\u00f3rroga responde a las diversas medidas adoptadas por la Comuna para prevenir el avance del coronavirus&#8221;, indicaron en a trav\u00e9s de un comunicado y aclararon que no se cobrar\u00e1 tarifa por estacionar en las zonas donde rige el medido. La disposici\u00f3n favorece a quienes asisten todos los d\u00edas a sus trabajos en el centro de&hellip;<\/p>\n","protected":false},"author":4,"featured_media":8115,"comment_status":"open","ping_status":"open","sticky":false,"template":"","format":"standard","meta":{"_acf_changed":false,"footnotes":""},"categories":[3],"tags":[1575,115,1608],"class_list":["post-10504","post","type-post","status-publish","format-standard","has-post-thumbnail","hentry","category-la-plata","tag-estacionamiento-medido","tag-municipalidad-de-la-plata","tag-transporte-publico"],"acf":[],"aioseo_notices":[],"_links":{"self":[{"href":"https:\/\/larealidaddelaplata.com.ar\/index.php\/wp-json\/wp\/v2\/posts\/10504"}],"collection":[{"href":"https:\/\/larealidaddelaplata.com.ar\/index.php\/wp-json\/wp\/v2\/posts"}],"about":[{"href":"https:\/\/larealidaddelaplata.com.ar\/index.php\/wp-json\/wp\/v2\/types\/post"}],"author":[{"embeddable":true,"href":"https:\/\/larealidaddelaplata.com.ar\/index.php\/wp-json\/wp\/v2\/users\/4"}],"replies":[{"embeddable":true,"href":"https:\/\/larealidaddelaplata.com.ar\/index.php\/wp-json\/wp\/v2\/comments?post=10504"}],"version-history":[{"count":0,"href":"https:\/\/larealidaddelaplata.com.ar\/index.php\/wp-json\/wp\/v2\/posts\/10504\/revisions"}],"wp:featuredmedia":[{"embeddable":true,"href":"https:\/\/larealidaddelaplata.com.ar\/index.php\/wp-json\/wp\/v2\/media\/8115"}],"wp:attachment":[{"href":"https:\/\/larealidaddelaplata.com.ar\/index.php\/wp-json\/wp\/v2\/media?parent=10504"}],"wp:term":[{"taxonomy":"category","embeddable":true,"href":"https:\/\/larealidaddelaplata.com.ar\/index.php\/wp-json\/wp\/v2\/categories?post=10504"},{"taxonomy":"post_tag","embeddable":true,"href":"https:\/\/larealidaddelaplata.com.ar\/index.php\/wp-json\/wp\/v2\/tags?post=10504"}],"curies":[{"name":"wp","href":"https:\/\/api.w.org\/{rel}","templated":true}]}}