{"id":11230,"date":"2021-07-06T21:34:03","date_gmt":"2021-07-07T00:34:03","guid":{"rendered":"https:\/\/larealidaddelaplata.com.ar\/?p=11230"},"modified":"2021-07-06T21:41:40","modified_gmt":"2021-07-07T00:41:40","slug":"ya-son-mas-de-60-los-municipios-que-comenzaron-a-vacunar-a-los-menores-de-20-anos-sin-comorbilidades","status":"publish","type":"post","link":"https:\/\/larealidaddelaplata.com.ar\/index.php\/2021\/07\/06\/ya-son-mas-de-60-los-municipios-que-comenzaron-a-vacunar-a-los-menores-de-20-anos-sin-comorbilidades\/","title":{"rendered":"Ya son m\u00e1s de 60 los municipios que comenzaron a vacunar a los menores de 20 a\u00f1os sin comorbilidades"},"content":{"rendered":"\n<p>Avanza el plan de vacunaci\u00f3n en la Provincia. Esta semana el Ministerio de Salud bonaerense confirm\u00f3 que ya son 65 los municipios empez\u00f3 a inocular a j\u00f3venes a menores de entre 18 y 20 a\u00f1os a\u00f1os sin comorbilidades. <\/p>\n\n\n\n<p>Se trata de un 47% de los distritos que ya aplican la primera dosis de la vacuna contra el coronavirus en este grupo etario.<\/p>\n\n\n\n<p>Con la gran cantidad de vacunas que arribaron al pa\u00eds, la campa\u00f1a de inmunizaci\u00f3n ha aumentado su ritmo y avanza con mayor rapidez entre los grupos poblacionales sin comorbilidades, mientras que los contagios de COVID-19 en la Provincia caen por sexta semana consecutiva.<\/p>\n\n\n\n<figure class=\"wp-block-embed is-type-rich is-provider-twitter wp-block-embed-twitter\"><div class=\"wp-block-embed__wrapper\">\n<blockquote class=\"twitter-tweet\" data-width=\"550\" data-dnt=\"true\"><p lang=\"es\" dir=\"ltr\">Sexta semana consecutiva de ca\u00edda de casos en PBA. Esta semana se redujeron un 5,5% respecto de la anterior, completando un 50% de ca\u00edda desde el pico de la segunda ola. Los resultados de las medidas de cuidado y de la vacunaci\u00f3n masiva est\u00e1n a la vista. <a href=\"https:\/\/t.co\/el7xcnKFWw\">pic.twitter.com\/el7xcnKFWw<\/a><\/p>&mdash; Carli Bianco (@Carli_Bianco) <a href=\"https:\/\/twitter.com\/Carli_Bianco\/status\/1411855652008382464?ref_src=twsrc%5Etfw\">July 5, 2021<\/a><\/blockquote><script async src=\"https:\/\/platform.twitter.com\/widgets.js\" charset=\"utf-8\"><\/script>\n<\/div><\/figure>\n\n\n\n<p>Se trata de los distritos con poblaciones m\u00e1s reducidas y que, tal como afirm\u00f3 el ministro de Salud Daniel Gollan, se vieron beneficiados en el reparto continuo de vacunas contra el COVID-19.<\/p>\n\n\n\n<p>En ese marco, alrededor de 20 distritos ya vacunaron a m\u00e1s del 90% del total de los inscriptos, pertenecientes a todos los grupos etarios.<\/p>\n\n\n\n<p>Las autoridades sanitarias de la provincia de Buenos Aires recordaron que todas las personas mayores de 18 a\u00f1os con o sin comorbilidades pueden inscribirse en<a href=\"https:\/\/vacunatepba.gba.gob.ar\/\" target=\"_blank\" rel=\"noreferrer noopener\">\u00a0https:\/\/vacunatepba.gba.gob.ar\/ para recibir la vacuna contra la Covid-19.<\/a><\/p>\n\n\n\n<div class=\"wp-block-image is-style-rounded\"><figure class=\"aligncenter size-large\"><img loading=\"lazy\" decoding=\"async\" width=\"800\" height=\"500\" src=\"http:\/\/34.125.73.230\/wp-content\/uploads\/2021\/07\/kicillof-vacunacion-1.jpg\" alt=\"\" class=\"wp-image-11232\" srcset=\"https:\/\/larealidaddelaplata.com.ar\/wp-content\/uploads\/2021\/07\/kicillof-vacunacion-1.jpg 800w, https:\/\/larealidaddelaplata.com.ar\/wp-content\/uploads\/2021\/07\/kicillof-vacunacion-1-300x188.jpg 300w, https:\/\/larealidaddelaplata.com.ar\/wp-content\/uploads\/2021\/07\/kicillof-vacunacion-1-768x480.jpg 768w\" sizes=\"(max-width: 800px) 100vw, 800px\" \/><\/figure><\/div>\n\n\n\n<p>Fuente: Diagonales<\/p>\n","protected":false},"excerpt":{"rendered":"<p>Avanza el plan de vacunaci\u00f3n en la Provincia. Esta semana el Ministerio de Salud bonaerense confirm\u00f3 que ya son 65 los municipios empez\u00f3 a inocular a j\u00f3venes a menores de entre 18 y 20 a\u00f1os a\u00f1os sin comorbilidades. Se trata de un 47% de los distritos que ya aplican la primera dosis de la vacuna contra el coronavirus en este grupo etario. Con la gran cantidad de vacunas que arribaron&hellip;<\/p>\n","protected":false},"author":5,"featured_media":11231,"comment_status":"open","ping_status":"open","sticky":false,"template":"","format":"standard","meta":{"_acf_changed":false,"footnotes":""},"categories":[2],"tags":[535,878,72,1227,369],"class_list":["post-11230","post","type-post","status-publish","format-standard","has-post-thumbnail","hentry","category-provincia","tag-covid-19-2","tag-ministerio-de-salud-de-la-provincia-de-buenos-aires","tag-pandemia","tag-plan-de-vacunacion","tag-provincia-de-buenos-aires"],"acf":[],"aioseo_notices":[],"_links":{"self":[{"href":"https:\/\/larealidaddelaplata.com.ar\/index.php\/wp-json\/wp\/v2\/posts\/11230"}],"collection":[{"href":"https:\/\/larealidaddelaplata.com.ar\/index.php\/wp-json\/wp\/v2\/posts"}],"about":[{"href":"https:\/\/larealidaddelaplata.com.ar\/index.php\/wp-json\/wp\/v2\/types\/post"}],"author":[{"embeddable":true,"href":"https:\/\/larealidaddelaplata.com.ar\/index.php\/wp-json\/wp\/v2\/users\/5"}],"replies":[{"embeddable":true,"href":"https:\/\/larealidaddelaplata.com.ar\/index.php\/wp-json\/wp\/v2\/comments?post=11230"}],"version-history":[{"count":0,"href":"https:\/\/larealidaddelaplata.com.ar\/index.php\/wp-json\/wp\/v2\/posts\/11230\/revisions"}],"wp:featuredmedia":[{"embeddable":true,"href":"https:\/\/larealidaddelaplata.com.ar\/index.php\/wp-json\/wp\/v2\/media\/11231"}],"wp:attachment":[{"href":"https:\/\/larealidaddelaplata.com.ar\/index.php\/wp-json\/wp\/v2\/media?parent=11230"}],"wp:term":[{"taxonomy":"category","embeddable":true,"href":"https:\/\/larealidaddelaplata.com.ar\/index.php\/wp-json\/wp\/v2\/categories?post=11230"},{"taxonomy":"post_tag","embeddable":true,"href":"https:\/\/larealidaddelaplata.com.ar\/index.php\/wp-json\/wp\/v2\/tags?post=11230"}],"curies":[{"name":"wp","href":"https:\/\/api.w.org\/{rel}","templated":true}]}}