{"id":12371,"date":"2021-08-13T08:19:41","date_gmt":"2021-08-13T11:19:41","guid":{"rendered":"https:\/\/larealidaddelaplata.com.ar\/?p=12371"},"modified":"2021-08-13T08:29:25","modified_gmt":"2021-08-13T11:29:25","slug":"el-supermercado-cooperativa-obrera-llegara-a-la-plata","status":"publish","type":"post","link":"https:\/\/larealidaddelaplata.com.ar\/index.php\/2021\/08\/13\/el-supermercado-cooperativa-obrera-llegara-a-la-plata\/","title":{"rendered":"El supermercado Cooperativa Obrera llegar\u00e1 a La Plata"},"content":{"rendered":"\n<p><strong>La Cooperativa Obrera habilitar\u00e1 en 2022 su primer supermercado en La Plata.<\/strong>&nbsp;El local estar\u00e1 ubicado en calle 7 y 57, en donde por varios a\u00f1os funcion\u00f3 la casa de&nbsp;<strong>art\u00edculos del hogar Rogelio Gonz\u00e1lez.&nbsp;<\/strong><\/p>\n\n\n\n<p><strong>D\u00edas atr\u00e1s el intendente platense se reuni\u00f3 con integrantes de la firma y afirm\u00f3 \u201cla llegada de un nuevo supermercado en la ciudad es una buena noticia para todos. M\u00e1s inversi\u00f3n y m\u00e1s trabajo para los platenses\u201d.&nbsp;<\/strong><\/p>\n\n\n\n<figure class=\"wp-block-embed is-type-rich is-provider-twitter wp-block-embed-twitter\"><div class=\"wp-block-embed__wrapper\">\n<blockquote class=\"twitter-tweet\" data-width=\"550\" data-dnt=\"true\"><p lang=\"es\" dir=\"ltr\">La llegada de un nuevo supermercado en la Ciudad es una buena noticia para todos! M\u00e1s inversi\u00f3n y m\u00e1s trabajo para los platenses \ud83d\udcaa\ud83c\udffb Hoy me reun\u00ed con los integrantes de la Cooperativa Obrera de Bah\u00eda Blanca para charlar del proyecto y la instalaci\u00f3n. <a href=\"https:\/\/t.co\/grKP52ZY2F\">pic.twitter.com\/grKP52ZY2F<\/a><\/p>&mdash; Julio Garro (@JulioGarro) <a href=\"https:\/\/twitter.com\/JulioGarro\/status\/1425211469684256772?ref_src=twsrc%5Etfw\">August 10, 2021<\/a><\/blockquote><script async src=\"https:\/\/platform.twitter.com\/widgets.js\" charset=\"utf-8\"><\/script>\n<\/div><\/figure>\n\n\n\n<p><strong>La Cooperativa Obrera es una empresa de la Econom\u00eda Social, fundada en 1920<\/strong>&nbsp;por un grupo de 173 vecinos de Bah\u00eda Blanca, con el objetivo inicial de asegurar el precio justo, el peso exacto y la calidad del pan.<\/p>\n\n\n\n<p>Seg\u00fan figura en su sitio de Internet,&nbsp;\u201cla Coope es una empresa de la Econom\u00eda Social, constituida para prestar servicios econ\u00f3micos, sociales y culturales a sus m\u00e1s de dos millones de Asociados. Al ser una entidad de \u2018puertas abiertas\u2019, todos los consumidores pueden incorporarse a ella a trav\u00e9s de un r\u00e1pido y f\u00e1cil tr\u00e1mite. Presentando el DNI y aportando $1 por \u00fanica vez en las cajas de cualquiera de las sucursales, pueden convertirse en Asociados\u201d.<\/p>\n","protected":false},"excerpt":{"rendered":"<p>La Cooperativa Obrera habilitar\u00e1 en 2022 su primer supermercado en La Plata.&nbsp;El local estar\u00e1 ubicado en calle 7 y 57, en donde por varios a\u00f1os funcion\u00f3 la casa de&nbsp;art\u00edculos del hogar Rogelio Gonz\u00e1lez.&nbsp; D\u00edas atr\u00e1s el intendente platense se reuni\u00f3 con integrantes de la firma y afirm\u00f3 \u201cla llegada de un nuevo supermercado en la ciudad es una buena noticia para todos. M\u00e1s inversi\u00f3n y m\u00e1s trabajo para los platenses\u201d.&nbsp;&hellip;<\/p>\n","protected":false},"author":3,"featured_media":12376,"comment_status":"open","ping_status":"open","sticky":false,"template":"","format":"standard","meta":{"_acf_changed":false,"footnotes":""},"categories":[2],"tags":[],"class_list":["post-12371","post","type-post","status-publish","format-standard","has-post-thumbnail","hentry","category-provincia"],"acf":[],"aioseo_notices":[],"_links":{"self":[{"href":"https:\/\/larealidaddelaplata.com.ar\/index.php\/wp-json\/wp\/v2\/posts\/12371"}],"collection":[{"href":"https:\/\/larealidaddelaplata.com.ar\/index.php\/wp-json\/wp\/v2\/posts"}],"about":[{"href":"https:\/\/larealidaddelaplata.com.ar\/index.php\/wp-json\/wp\/v2\/types\/post"}],"author":[{"embeddable":true,"href":"https:\/\/larealidaddelaplata.com.ar\/index.php\/wp-json\/wp\/v2\/users\/3"}],"replies":[{"embeddable":true,"href":"https:\/\/larealidaddelaplata.com.ar\/index.php\/wp-json\/wp\/v2\/comments?post=12371"}],"version-history":[{"count":0,"href":"https:\/\/larealidaddelaplata.com.ar\/index.php\/wp-json\/wp\/v2\/posts\/12371\/revisions"}],"wp:featuredmedia":[{"embeddable":true,"href":"https:\/\/larealidaddelaplata.com.ar\/index.php\/wp-json\/wp\/v2\/media\/12376"}],"wp:attachment":[{"href":"https:\/\/larealidaddelaplata.com.ar\/index.php\/wp-json\/wp\/v2\/media?parent=12371"}],"wp:term":[{"taxonomy":"category","embeddable":true,"href":"https:\/\/larealidaddelaplata.com.ar\/index.php\/wp-json\/wp\/v2\/categories?post=12371"},{"taxonomy":"post_tag","embeddable":true,"href":"https:\/\/larealidaddelaplata.com.ar\/index.php\/wp-json\/wp\/v2\/tags?post=12371"}],"curies":[{"name":"wp","href":"https:\/\/api.w.org\/{rel}","templated":true}]}}