{"id":13166,"date":"2021-09-08T10:43:17","date_gmt":"2021-09-08T13:43:17","guid":{"rendered":"https:\/\/larealidaddelaplata.com.ar\/?p=13166"},"modified":"2021-09-08T10:43:18","modified_gmt":"2021-09-08T13:43:18","slug":"paso-2021-el-trasporte-sera-gratuito","status":"publish","type":"post","link":"https:\/\/larealidaddelaplata.com.ar\/index.php\/2021\/09\/08\/paso-2021-el-trasporte-sera-gratuito\/","title":{"rendered":"PASO 2021: el trasporte ser\u00e1 gratuito"},"content":{"rendered":"\n<p>El Gobierno Nacional, anunci\u00f3 esta ma\u00f1ana que<strong>&nbsp;el transporte p\u00fablico ser\u00e1 libre y gratuito durante las elecciones Primarias, Abiertas, simult\u00e1neas y Obligatorios (PASO) y las Generales<\/strong>. \u201cEl servicio de transporte p\u00fablico automotor y ferroviario urbano y suburbano de Jurisdicci\u00f3n Nacional ser\u00e1 gratuito los d\u00edas 12 de septiembre y 14 de noviembre, las 24 horas, con el objetivo de que los ciudadanos y ciudadanas tengan mayor accesibilidad y puedan ejercer el derecho al voto en las pr\u00f3ximas elecciones\u201d, anunciaron.<\/p>\n\n\n\n<p>La medida fue implementada por el Ministerio de Transporte de la Naci\u00f3n a cargo de<strong>\u00a0Alexis Guerrera<\/strong>, y se oficializ\u00f3 hoy con la publicaci\u00f3n en el Bolet\u00edn Oficial de la\u00a0<a href=\"https:\/\/www.boletinoficial.gob.ar\/detalleAviso\/primera\/249221\/20210908\" target=\"_blank\" rel=\"noreferrer noopener\"><em>Resoluci\u00f3n 312\/2021<\/em><\/a>. A trav\u00e9s de esta normativa se design\u00f3 a la Secretar\u00eda de Articulaci\u00f3n Interjurisdiccional como la autoridad de aplicaci\u00f3n de la medida y a la Comisi\u00f3n Nacional de Regulaci\u00f3n del Transporte como el organismo encargado del control en el cumplimiento de la normativa y de las jurisdicciones que adhieran a la iniciativa a trav\u00e9s del Convenio \u201cTransporte P\u00fablico Automotor Provincial de Pasajeros Urbano y Suburbano \u2013 Elecciones 2021\u201d.<\/p>\n\n\n\n<p>\u201cLuego de desarrollar diversas evaluaciones y analizando la base del uso del Sistema \u00danico de Boleto Electr\u00f3nico (SUBE), el Ministerio de Transporte de la Naci\u00f3n resolvi\u00f3 llevar adelante la medida que facilita el traslado al ejercicio de su derecho a los y las votantes, estableciendo la gratuidad para el transporte automotor y ferroviario urbano y suburbano de Jurisdicci\u00f3n Nacional y para aquellos servicios que no siendo de Jurisdicci\u00f3n Nacional se encuentren incorporadas al sistema SUBE\u201d, explicaron.<\/p>\n\n\n\n<p>En este sentido, el Titular de la cartera nacional sostuvo: \u201cResulta sumamente importante que todos los argentinos y argentinas cuenten con los medios necesarios para acceder a ejercer uno de los m\u00e1ximos derechos que tenemos como ciudadanos y ciudadanas que es justamente el derecho a votar. Con la medida de hoy buscamos brindar todas las comodidades posibles para llegar a los lugares de la elecci\u00f3n\u201d.<\/p>\n","protected":false},"excerpt":{"rendered":"<p>El Gobierno Nacional, anunci\u00f3 esta ma\u00f1ana que&nbsp;el transporte p\u00fablico ser\u00e1 libre y gratuito durante las elecciones Primarias, Abiertas, simult\u00e1neas y Obligatorios (PASO) y las Generales. \u201cEl servicio de transporte p\u00fablico automotor y ferroviario urbano y suburbano de Jurisdicci\u00f3n Nacional ser\u00e1 gratuito los d\u00edas 12 de septiembre y 14 de noviembre, las 24 horas, con el objetivo de que los ciudadanos y ciudadanas tengan mayor accesibilidad y puedan ejercer el derecho&hellip;<\/p>\n","protected":false},"author":3,"featured_media":13172,"comment_status":"open","ping_status":"open","sticky":false,"template":"","format":"standard","meta":{"_acf_changed":false,"footnotes":""},"categories":[2],"tags":[],"class_list":["post-13166","post","type-post","status-publish","format-standard","has-post-thumbnail","hentry","category-provincia"],"acf":[],"aioseo_notices":[],"_links":{"self":[{"href":"https:\/\/larealidaddelaplata.com.ar\/index.php\/wp-json\/wp\/v2\/posts\/13166"}],"collection":[{"href":"https:\/\/larealidaddelaplata.com.ar\/index.php\/wp-json\/wp\/v2\/posts"}],"about":[{"href":"https:\/\/larealidaddelaplata.com.ar\/index.php\/wp-json\/wp\/v2\/types\/post"}],"author":[{"embeddable":true,"href":"https:\/\/larealidaddelaplata.com.ar\/index.php\/wp-json\/wp\/v2\/users\/3"}],"replies":[{"embeddable":true,"href":"https:\/\/larealidaddelaplata.com.ar\/index.php\/wp-json\/wp\/v2\/comments?post=13166"}],"version-history":[{"count":0,"href":"https:\/\/larealidaddelaplata.com.ar\/index.php\/wp-json\/wp\/v2\/posts\/13166\/revisions"}],"wp:featuredmedia":[{"embeddable":true,"href":"https:\/\/larealidaddelaplata.com.ar\/index.php\/wp-json\/wp\/v2\/media\/13172"}],"wp:attachment":[{"href":"https:\/\/larealidaddelaplata.com.ar\/index.php\/wp-json\/wp\/v2\/media?parent=13166"}],"wp:term":[{"taxonomy":"category","embeddable":true,"href":"https:\/\/larealidaddelaplata.com.ar\/index.php\/wp-json\/wp\/v2\/categories?post=13166"},{"taxonomy":"post_tag","embeddable":true,"href":"https:\/\/larealidaddelaplata.com.ar\/index.php\/wp-json\/wp\/v2\/tags?post=13166"}],"curies":[{"name":"wp","href":"https:\/\/api.w.org\/{rel}","templated":true}]}}