{"id":13341,"date":"2021-09-14T12:34:48","date_gmt":"2021-09-14T15:34:48","guid":{"rendered":"https:\/\/larealidaddelaplata.com.ar\/?p=13341"},"modified":"2021-09-14T12:34:49","modified_gmt":"2021-09-14T15:34:49","slug":"el-mensaje-del-indio-solari-a-un-ministro-luego-de-las-derrotas-en-las-paso","status":"publish","type":"post","link":"https:\/\/larealidaddelaplata.com.ar\/index.php\/2021\/09\/14\/el-mensaje-del-indio-solari-a-un-ministro-luego-de-las-derrotas-en-las-paso\/","title":{"rendered":"El mensaje del Indio Solari a un Ministro luego de las derrotas en las PASO"},"content":{"rendered":"\n<p>Tras la derrota del Gobierno en las PASO, el Indio Solari, l\u00edder de los Fundamentalistas del Aire Acondicionado, le envi\u00f3 un mensaje de apoyo al ministro del Interior, Eduardo \u201cWado\u201d de Pedro donde manifest\u00f3 su respaldo a la gesti\u00f3n del Frente de Todos.<\/p>\n\n\n\n<p>Poco despu\u00e9s de que se conocieran los resultados provisorios de los comicios, en los que el oficialismo perdi\u00f3 en 17 de las 24 jurisdicciones del pa\u00eds, Solari coment\u00f3 una foto de la cuenta personal de Instagram del funcionario.<\/p>\n\n\n\n<p>\u201cSost\u00e9ngase como siempre, sereno. A usted no se le puede pedir m\u00e1s\u2026jaja yo s\u00e9 que usted me va a contestar s\u00ed se puede\u2026\u201d, escribi\u00f3 el cantante.<\/p>\n\n\n\n<p>La respuesta de Wado de Pedro no se hizo esperar: \u201cSiempre tranquilo, Indio Solari, siempre aprendiendo. Escuchando con humildad. Gracias por tus palabras y por tu amistad\u201d fueron las palabras de agradecimiento del funcionario quien mantiene una amistad con el ex l\u00edder de la m\u00edtica banda platense. \u00a0\u00a0<\/p>\n\n\n\n<figure class=\"wp-block-image size-full\"><img loading=\"lazy\" decoding=\"async\" width=\"992\" height=\"744\" src=\"http:\/\/34.125.214.24\/wp-content\/uploads\/2021\/09\/1631619438489.jpeg\" alt=\"\" class=\"wp-image-13342\" srcset=\"https:\/\/larealidaddelaplata.com.ar\/wp-content\/uploads\/2021\/09\/1631619438489.jpeg 992w, https:\/\/larealidaddelaplata.com.ar\/wp-content\/uploads\/2021\/09\/1631619438489-300x225.jpeg 300w, https:\/\/larealidaddelaplata.com.ar\/wp-content\/uploads\/2021\/09\/1631619438489-768x576.jpeg 768w\" sizes=\"(max-width: 992px) 100vw, 992px\" \/><\/figure>\n","protected":false},"excerpt":{"rendered":"<p>Tras la derrota del Gobierno en las PASO, el Indio Solari, l\u00edder de los Fundamentalistas del Aire Acondicionado, le envi\u00f3 un mensaje de apoyo al ministro del Interior, Eduardo \u201cWado\u201d de Pedro donde manifest\u00f3 su respaldo a la gesti\u00f3n del Frente de Todos. Poco despu\u00e9s de que se conocieran los resultados provisorios de los comicios, en los que el oficialismo perdi\u00f3 en 17 de las 24 jurisdicciones del pa\u00eds, Solari&hellip;<\/p>\n","protected":false},"author":4,"featured_media":7445,"comment_status":"open","ping_status":"open","sticky":false,"template":"","format":"standard","meta":{"_acf_changed":false,"footnotes":""},"categories":[13],"tags":[47,1463,1437],"class_list":["post-13341","post","type-post","status-publish","format-standard","has-post-thumbnail","hentry","category-sociedad","tag-frente-de-todos","tag-indio-solari","tag-wado-de-pedro"],"acf":[],"aioseo_notices":[],"_links":{"self":[{"href":"https:\/\/larealidaddelaplata.com.ar\/index.php\/wp-json\/wp\/v2\/posts\/13341"}],"collection":[{"href":"https:\/\/larealidaddelaplata.com.ar\/index.php\/wp-json\/wp\/v2\/posts"}],"about":[{"href":"https:\/\/larealidaddelaplata.com.ar\/index.php\/wp-json\/wp\/v2\/types\/post"}],"author":[{"embeddable":true,"href":"https:\/\/larealidaddelaplata.com.ar\/index.php\/wp-json\/wp\/v2\/users\/4"}],"replies":[{"embeddable":true,"href":"https:\/\/larealidaddelaplata.com.ar\/index.php\/wp-json\/wp\/v2\/comments?post=13341"}],"version-history":[{"count":0,"href":"https:\/\/larealidaddelaplata.com.ar\/index.php\/wp-json\/wp\/v2\/posts\/13341\/revisions"}],"wp:featuredmedia":[{"embeddable":true,"href":"https:\/\/larealidaddelaplata.com.ar\/index.php\/wp-json\/wp\/v2\/media\/7445"}],"wp:attachment":[{"href":"https:\/\/larealidaddelaplata.com.ar\/index.php\/wp-json\/wp\/v2\/media?parent=13341"}],"wp:term":[{"taxonomy":"category","embeddable":true,"href":"https:\/\/larealidaddelaplata.com.ar\/index.php\/wp-json\/wp\/v2\/categories?post=13341"},{"taxonomy":"post_tag","embeddable":true,"href":"https:\/\/larealidaddelaplata.com.ar\/index.php\/wp-json\/wp\/v2\/tags?post=13341"}],"curies":[{"name":"wp","href":"https:\/\/api.w.org\/{rel}","templated":true}]}}