{"id":14323,"date":"2021-10-19T11:53:04","date_gmt":"2021-10-19T14:53:04","guid":{"rendered":"https:\/\/larealidaddelaplata.com.ar\/?p=14323"},"modified":"2021-10-19T11:53:04","modified_gmt":"2021-10-19T14:53:04","slug":"reactivacion-naval-el-astillero-rio-santiago-volvio-a-botar-un-barco","status":"publish","type":"post","link":"https:\/\/larealidaddelaplata.com.ar\/index.php\/2021\/10\/19\/reactivacion-naval-el-astillero-rio-santiago-volvio-a-botar-un-barco\/","title":{"rendered":"Reactivaci\u00f3n naval: El Astillero R\u00edo Santiago volvi\u00f3 a botar un barco"},"content":{"rendered":"\n<p>Luego de a\u00f1os de inactividad, que incluy\u00f3 movilizaciones para frenar el intento del ex gobierno de Mar\u00eda Eugenia Vidal de desguazar la f\u00e1brica y avanzar con despidos, se realiz\u00f3 en el Astillero R\u00edo Santiago (ARS) la botadura de la Lancha de Instrucci\u00f3n de Cadetes de la Armada (LICA) &#8220;Ciudad de Ensenada&#8221; con la presencia del ministro de Defensa, Jorge Taiana, y el gobernador bonaerense, Axel Kicillof, quienes encabezaron el acto que represent\u00f3 la reactivaci\u00f3n de la industria naviera del estado provincial.<\/p>\n\n\n\n<p>En ese marco, Kicillof destac\u00f3 que \u201cser testigo de la botadura de un barco para la Armada construido en el Astillero R\u00edo Santiago despu\u00e9s de 35 a\u00f1os, nos lleva a reflexionar sobre la historia para poder pensar en el futuro que nos espera\u201d. \u201cLa Argentina necesita tener industria naval, y en esa historia los protagonistas van a ser los y las trabajadoras del astillero\u201d, se\u00f1al\u00f3 y agreg\u00f3: \u201cEse es el compromiso que asumimos el primer d\u00eda y el que estamos confirmando nuevamente hoy\u201d.<\/p>\n\n\n\n<figure class=\"wp-block-image size-large\"><img loading=\"lazy\" decoding=\"async\" width=\"1024\" height=\"682\" src=\"http:\/\/34.125.214.24\/wp-content\/uploads\/2021\/10\/2021_10_18-AK-Botadura-Astillero_SGE_8440-1024x682.jpg\" alt=\"\" class=\"wp-image-14324\" srcset=\"https:\/\/larealidaddelaplata.com.ar\/wp-content\/uploads\/2021\/10\/2021_10_18-AK-Botadura-Astillero_SGE_8440-1024x682.jpg 1024w, https:\/\/larealidaddelaplata.com.ar\/wp-content\/uploads\/2021\/10\/2021_10_18-AK-Botadura-Astillero_SGE_8440-300x200.jpg 300w, https:\/\/larealidaddelaplata.com.ar\/wp-content\/uploads\/2021\/10\/2021_10_18-AK-Botadura-Astillero_SGE_8440-768x511.jpg 768w, https:\/\/larealidaddelaplata.com.ar\/wp-content\/uploads\/2021\/10\/2021_10_18-AK-Botadura-Astillero_SGE_8440-1536x1022.jpg 1536w, https:\/\/larealidaddelaplata.com.ar\/wp-content\/uploads\/2021\/10\/2021_10_18-AK-Botadura-Astillero_SGE_8440-2048x1363.jpg 2048w, https:\/\/larealidaddelaplata.com.ar\/wp-content\/uploads\/2021\/10\/2021_10_18-AK-Botadura-Astillero_SGE_8440-150x100.jpg 150w\" sizes=\"(max-width: 1024px) 100vw, 1024px\" \/><\/figure>\n\n\n\n<p>\u201cDurante mucho tiempo este astillero fue noticia por los intentos de destruirlo y privatizarlo, pero tambi\u00e9n por la lucha y la resistencia de sus trabajadores\u201d, afirm\u00f3 el Gobernador y a\u00f1adi\u00f3: \u201cAhora el Astillero R\u00edo Santiago vuelve a ser noticia por los barcos que construye y por el trabajo de primera calidad que realizan sus operarios y sus directivos junto a la Provincia\u201d.<\/p>\n\n\n\n<p>La botadura de la embarcaci\u00f3n fue construida \u00edntegramente por sus trabajadores y trabajadoras y, para su puesta en marcha, que cuenta con 36 metros de eslora, se emplearon 500 personas entre ingenieros, t\u00e9cnicos y operarios de distintas \u00e1reas.<\/p>\n\n\n\n<p>\u201cEl objetivo es recuperar el orgullo del astillero, que es tambi\u00e9n el orgullo de nuestra Provincia, nuestra soberan\u00eda y nuestra industria nacional\u201d, concluy\u00f3 Kicillof.<\/p>\n\n\n\n<p>Taiana hizo hincapi\u00e9 en que \u201cla existencia de este astillero, as\u00ed como buena parte de la Argentina industrial, es el resultado de la lucha de los trabajadores y las trabajadoras\u201d. \u201cLa producci\u00f3n para la Defensa es una de las prioridades de nuestro Gobierno: queremos lograr que una parte importante de sus elementos cuenten con tecnolog\u00eda propia\u201d, dijo.<\/p>\n\n\n\n<p>Estuvieron el Ministro bonaerense de Producci\u00f3n, Ciencia e Innovaci\u00f3n Tecnol\u00f3gica, Augusto Costa; la candidata a diputada nacional Victoria Tolosa Paz; y los intendentes de Ensenada, Mario Secco; y de Berisso, Fabi\u00e1n Cagliardi. Tambi\u00e9n estuvieron presentes el jefe de la Armada, vicealmirante Jorge Guardia; el presidente de ARS, Pedro Wasiejko; el secretario general ATE de la Provincia, Oscar de Isasi; y su par local, Francisco Banegas.<\/p>\n","protected":false},"excerpt":{"rendered":"<p>Luego de a\u00f1os de inactividad, que incluy\u00f3 movilizaciones para frenar el intento del ex gobierno de Mar\u00eda Eugenia Vidal de desguazar la f\u00e1brica y avanzar con despidos, se realiz\u00f3 en el Astillero R\u00edo Santiago (ARS) la botadura de la Lancha de Instrucci\u00f3n de Cadetes de la Armada (LICA) &#8220;Ciudad de Ensenada&#8221; con la presencia del ministro de Defensa, Jorge Taiana, y el gobernador bonaerense, Axel Kicillof, quienes encabezaron el acto&hellip;<\/p>\n","protected":false},"author":4,"featured_media":14325,"comment_status":"open","ping_status":"open","sticky":false,"template":"","format":"standard","meta":{"_acf_changed":false,"footnotes":""},"categories":[5],"tags":[2909,370,17,2910,43],"class_list":["post-14323","post","type-post","status-publish","format-standard","has-post-thumbnail","hentry","category-ensenada","tag-ars","tag-astillero-rio-santiago","tag-axel-kicillof","tag-botadura","tag-mario-secco"],"acf":[],"aioseo_notices":[],"_links":{"self":[{"href":"https:\/\/larealidaddelaplata.com.ar\/index.php\/wp-json\/wp\/v2\/posts\/14323"}],"collection":[{"href":"https:\/\/larealidaddelaplata.com.ar\/index.php\/wp-json\/wp\/v2\/posts"}],"about":[{"href":"https:\/\/larealidaddelaplata.com.ar\/index.php\/wp-json\/wp\/v2\/types\/post"}],"author":[{"embeddable":true,"href":"https:\/\/larealidaddelaplata.com.ar\/index.php\/wp-json\/wp\/v2\/users\/4"}],"replies":[{"embeddable":true,"href":"https:\/\/larealidaddelaplata.com.ar\/index.php\/wp-json\/wp\/v2\/comments?post=14323"}],"version-history":[{"count":0,"href":"https:\/\/larealidaddelaplata.com.ar\/index.php\/wp-json\/wp\/v2\/posts\/14323\/revisions"}],"wp:featuredmedia":[{"embeddable":true,"href":"https:\/\/larealidaddelaplata.com.ar\/index.php\/wp-json\/wp\/v2\/media\/14325"}],"wp:attachment":[{"href":"https:\/\/larealidaddelaplata.com.ar\/index.php\/wp-json\/wp\/v2\/media?parent=14323"}],"wp:term":[{"taxonomy":"category","embeddable":true,"href":"https:\/\/larealidaddelaplata.com.ar\/index.php\/wp-json\/wp\/v2\/categories?post=14323"},{"taxonomy":"post_tag","embeddable":true,"href":"https:\/\/larealidaddelaplata.com.ar\/index.php\/wp-json\/wp\/v2\/tags?post=14323"}],"curies":[{"name":"wp","href":"https:\/\/api.w.org\/{rel}","templated":true}]}}