{"id":15168,"date":"2021-11-16T08:16:52","date_gmt":"2021-11-16T11:16:52","guid":{"rendered":"https:\/\/larealidaddelaplata.com.ar\/?p=15168"},"modified":"2021-11-16T08:16:53","modified_gmt":"2021-11-16T11:16:53","slug":"se-sorteara-las-vacantes-para-el-ingreso-a-los-colegios-de-la-unlp","status":"publish","type":"post","link":"https:\/\/larealidaddelaplata.com.ar\/index.php\/2021\/11\/16\/se-sorteara-las-vacantes-para-el-ingreso-a-los-colegios-de-la-unlp\/","title":{"rendered":"Se sortear\u00e1 las vacantes para el ingreso a los colegios de la UNLP"},"content":{"rendered":"\n<p>La&nbsp;<strong>Universidad Nacional de La Plata(UNLP)<\/strong>&nbsp;sortear\u00e1 este martes 16 de noviembre las vacantes para sus colegios universitarios. El n\u00famero de aspirantes cerr\u00f3 en&nbsp;<strong>6.323<\/strong>&nbsp;para participar en los espacios abiertos en las instituciones de educaci\u00f3n preuniversitaria de la ciudad.<\/p>\n\n\n\n<p>Los colegios la UNLP siguen siendo de los m\u00e1s demandados en la ciudad y el n\u00famero de vacantes que corresponde a 753 cupos a\u00fan resulta limitado.<\/p>\n\n\n\n<p>Este martes se llevar\u00e1 a cabo el sorteo de asignaci\u00f3n de vacantes para esos aspirantes inscriptos, en un evento que se desarrollar\u00e1\u00a0en la Sala del Consejo Superior del Edificio del Rectorado y se transmitir\u00e1 en vivo y en directo para que padres y candidatos puedan saber en tiempo real qui\u00e9nes ser\u00e1n los beneficiados. La transmisi\u00f3n, seg\u00fan se anunci\u00f3, se realizar\u00e1 v\u00eda\u00a0streaming\u00a0en\u00a0<a href=\"http:\/\/www.unlp.edu.ar\/\">el sitio de la Universidad.<\/a><\/p>\n\n\n\n<p>Las autoridades de la casa de estudios platenses adelantaron adem\u00e1s en qu\u00e9 horarios se llevar\u00e1 a cabo cada sorteo<\/p>\n\n\n\n<ul class=\"wp-block-list\"><li>Escuela Graduada \u201cJoaqu\u00edn V. Gonz\u00e1lez\u201d a las 9h.<\/li><li>Colegio Nacional \u201cRafael Hern\u00e1ndez\u201d y Liceo \u201cV\u00edctor Mercante\u201d a las 10h.<\/li><li>Escuela Pr\u00e1ctica de Agricultura y Ganader\u00eda \u201cMar\u00eda Cruz y Manuel L. Inchausti\u201da las 11h.<\/li><li>Ciclo B\u00e1sico de Formaci\u00f3n Est\u00e9tica del Bachillerato de Bellas Artes \u201cProf. Francisco A. de Santo\u201dpara las 11:15h.<\/li><\/ul>\n\n\n\n<p>Para poder acceder a los resultados, se deber\u00e1 visitar el<a href=\"http:\/\/resultados-colegios.unlp.edu.ar.\/\">&nbsp;Sitio Web<\/a>&nbsp;correspondiente. \u201cAtendiendo a la situaci\u00f3n sanitaria, el acceso a la sala estar\u00e1 condicionado a las precauciones de cuidado que deban observarse al momento del sorteo\u201d, declararon desde la UNLP.<\/p>\n","protected":false},"excerpt":{"rendered":"<p>La&nbsp;Universidad Nacional de La Plata(UNLP)&nbsp;sortear\u00e1 este martes 16 de noviembre las vacantes para sus colegios universitarios. El n\u00famero de aspirantes cerr\u00f3 en&nbsp;6.323&nbsp;para participar en los espacios abiertos en las instituciones de educaci\u00f3n preuniversitaria de la ciudad. Los colegios la UNLP siguen siendo de los m\u00e1s demandados en la ciudad y el n\u00famero de vacantes que corresponde a 753 cupos a\u00fan resulta limitado. Este martes se llevar\u00e1 a cabo el sorteo&hellip;<\/p>\n","protected":false},"author":3,"featured_media":15172,"comment_status":"open","ping_status":"open","sticky":false,"template":"","format":"standard","meta":{"_acf_changed":false,"footnotes":""},"categories":[2],"tags":[],"class_list":["post-15168","post","type-post","status-publish","format-standard","has-post-thumbnail","hentry","category-provincia"],"acf":[],"aioseo_notices":[],"_links":{"self":[{"href":"https:\/\/larealidaddelaplata.com.ar\/index.php\/wp-json\/wp\/v2\/posts\/15168"}],"collection":[{"href":"https:\/\/larealidaddelaplata.com.ar\/index.php\/wp-json\/wp\/v2\/posts"}],"about":[{"href":"https:\/\/larealidaddelaplata.com.ar\/index.php\/wp-json\/wp\/v2\/types\/post"}],"author":[{"embeddable":true,"href":"https:\/\/larealidaddelaplata.com.ar\/index.php\/wp-json\/wp\/v2\/users\/3"}],"replies":[{"embeddable":true,"href":"https:\/\/larealidaddelaplata.com.ar\/index.php\/wp-json\/wp\/v2\/comments?post=15168"}],"version-history":[{"count":0,"href":"https:\/\/larealidaddelaplata.com.ar\/index.php\/wp-json\/wp\/v2\/posts\/15168\/revisions"}],"wp:featuredmedia":[{"embeddable":true,"href":"https:\/\/larealidaddelaplata.com.ar\/index.php\/wp-json\/wp\/v2\/media\/15172"}],"wp:attachment":[{"href":"https:\/\/larealidaddelaplata.com.ar\/index.php\/wp-json\/wp\/v2\/media?parent=15168"}],"wp:term":[{"taxonomy":"category","embeddable":true,"href":"https:\/\/larealidaddelaplata.com.ar\/index.php\/wp-json\/wp\/v2\/categories?post=15168"},{"taxonomy":"post_tag","embeddable":true,"href":"https:\/\/larealidaddelaplata.com.ar\/index.php\/wp-json\/wp\/v2\/tags?post=15168"}],"curies":[{"name":"wp","href":"https:\/\/api.w.org\/{rel}","templated":true}]}}