{"id":15963,"date":"2021-12-13T14:14:59","date_gmt":"2021-12-13T17:14:59","guid":{"rendered":"https:\/\/larealidaddelaplata.com.ar\/?p=15963"},"modified":"2021-12-13T14:15:01","modified_gmt":"2021-12-13T17:15:01","slug":"buscan-a-a-una-chica-de-15-anos-que-desaparecio-el-domingo","status":"publish","type":"post","link":"https:\/\/larealidaddelaplata.com.ar\/index.php\/2021\/12\/13\/buscan-a-a-una-chica-de-15-anos-que-desaparecio-el-domingo\/","title":{"rendered":"Buscan a a una chica de 15 a\u00f1os que desapareci\u00f3 el domingo"},"content":{"rendered":"\n<p>&nbsp;\u201cMi hija conoci\u00f3 a dos chicas y vinieron a mi casa, a las chicas las conoci\u00f3 por Facebook y vinieron. Las vio mi mujer y mi nuera. Tomaron mate, charlaron y mi hija las acompa\u00f1\u00f3\u201d, sostuvo Eduardo, su padre<\/p>\n\n\n\n<p>&nbsp;\u201cNosotros somos de la bajada de Tolosa, ac\u00e1 hay un puente grande que cruza la Autopista. Las acompa\u00f1\u00f3 cruzando el puente y la chica la llam\u00f3 a mi se\u00f1ora y le dijo que mi hija ya estaba subiendo el puente, pero la nena nunca lo baj\u00f3\u201d, relat\u00f3.<\/p>\n\n\n\n<p>Mar\u00eda Jos\u00e9 desapareci\u00f3 en ese momento en el que acompa\u00f1\u00f3 a sus amigas a trav\u00e9s del puente que sortea la Autopista La Plata-Buenos Aires y, cuando deb\u00eda volver por el mismo camino hacia su casa, nunca volvi\u00f3.<\/p>\n\n\n\n<p>\u201cRadicamos la denuncia a medianoche y hoy a las 18 se cumplen las 24 horas. Estuvimos haciendo rastrillaje a la madrugada y a la ma\u00f1ana y no la encontramos. Llamamos a hospitales, a la escuela, nadie sabe nada del paradero de ella\u201d, explic\u00f3 su padre y adem\u00e1s coment\u00f3 que decidieron subir la b\u00fasqueda a \u201ctodos lados\u201d.<\/p>\n\n\n\n<p>Sus padres piden ayuda a quien pueda aportar informaci\u00f3n que permita dar con el paradero de la nena y pusieron a disposici\u00f3n un tel\u00e9fono para llamados: 221-3553832.<\/p>\n","protected":false},"excerpt":{"rendered":"<p>&nbsp;\u201cMi hija conoci\u00f3 a dos chicas y vinieron a mi casa, a las chicas las conoci\u00f3 por Facebook y vinieron. Las vio mi mujer y mi nuera. Tomaron mate, charlaron y mi hija las acompa\u00f1\u00f3\u201d, sostuvo Eduardo, su padre &nbsp;\u201cNosotros somos de la bajada de Tolosa, ac\u00e1 hay un puente grande que cruza la Autopista. Las acompa\u00f1\u00f3 cruzando el puente y la chica la llam\u00f3 a mi se\u00f1ora y le&hellip;<\/p>\n","protected":false},"author":4,"featured_media":15964,"comment_status":"open","ping_status":"open","sticky":false,"template":"","format":"standard","meta":{"_acf_changed":false,"footnotes":""},"categories":[3],"tags":[3217,3216,566],"class_list":["post-15963","post","type-post","status-publish","format-standard","has-post-thumbnail","hentry","category-la-plata","tag-autopista-la-plata","tag-chica-15-anos","tag-desaparecida"],"acf":[],"aioseo_notices":[],"_links":{"self":[{"href":"https:\/\/larealidaddelaplata.com.ar\/index.php\/wp-json\/wp\/v2\/posts\/15963"}],"collection":[{"href":"https:\/\/larealidaddelaplata.com.ar\/index.php\/wp-json\/wp\/v2\/posts"}],"about":[{"href":"https:\/\/larealidaddelaplata.com.ar\/index.php\/wp-json\/wp\/v2\/types\/post"}],"author":[{"embeddable":true,"href":"https:\/\/larealidaddelaplata.com.ar\/index.php\/wp-json\/wp\/v2\/users\/4"}],"replies":[{"embeddable":true,"href":"https:\/\/larealidaddelaplata.com.ar\/index.php\/wp-json\/wp\/v2\/comments?post=15963"}],"version-history":[{"count":0,"href":"https:\/\/larealidaddelaplata.com.ar\/index.php\/wp-json\/wp\/v2\/posts\/15963\/revisions"}],"wp:featuredmedia":[{"embeddable":true,"href":"https:\/\/larealidaddelaplata.com.ar\/index.php\/wp-json\/wp\/v2\/media\/15964"}],"wp:attachment":[{"href":"https:\/\/larealidaddelaplata.com.ar\/index.php\/wp-json\/wp\/v2\/media?parent=15963"}],"wp:term":[{"taxonomy":"category","embeddable":true,"href":"https:\/\/larealidaddelaplata.com.ar\/index.php\/wp-json\/wp\/v2\/categories?post=15963"},{"taxonomy":"post_tag","embeddable":true,"href":"https:\/\/larealidaddelaplata.com.ar\/index.php\/wp-json\/wp\/v2\/tags?post=15963"}],"curies":[{"name":"wp","href":"https:\/\/api.w.org\/{rel}","templated":true}]}}