{"id":17126,"date":"2022-01-31T11:43:10","date_gmt":"2022-01-31T14:43:10","guid":{"rendered":"https:\/\/larealidaddelaplata.com.ar\/?p=17126"},"modified":"2022-01-31T11:43:11","modified_gmt":"2022-01-31T14:43:11","slug":"como-sera-el-operativo-de-vacunacion-para-alumnos-de-escuelas-primarias","status":"publish","type":"post","link":"https:\/\/larealidaddelaplata.com.ar\/index.php\/2022\/01\/31\/como-sera-el-operativo-de-vacunacion-para-alumnos-de-escuelas-primarias\/","title":{"rendered":"C\u00f3mo ser\u00e1 el operativo de vacunaci\u00f3n para alumnos de escuelas primarias"},"content":{"rendered":"\n<p>Para garantizar la presencialidad plena en el retorno de las clases, que ser\u00e1n el 2 de marzo, el gobierno prepara un operativo de vacunaci\u00f3n en las m\u00e1s de 2600 escuelas p\u00fablicas de la Provincia de Buenos Aires, que comenzar\u00e1 con aquellos estudiantes que deben reforzar contenidos y aprendizajes en ferero.<\/p>\n\n\n\n<p>Al respecto, la subsecretaria de Gesti\u00f3n de la Informaci\u00f3n del Ministerio de Salud de la provincia de Buenos Aires, Leticia Ceriani, afirm\u00f3 que el gobierno iniciar\u00e1 la campa\u00f1a de vacunaci\u00f3n en las escuelas, y que &#8220;se est\u00e1 haciendo todo lo posible para incentivar la vacunaci\u00f3n en los m\u00e1s chicos&#8221;.<\/p>\n\n\n\n<p>En la provincia la mitad de los nenes y nenas menores de 11 a\u00f1os a\u00fan no complet\u00f3 el esquema de vacunaci\u00f3n contra el coronavirus y es por eso que buscan acelerar el ritmo de inoculaci\u00f3n en esa franja etaria de cara al 2 de marzo, cuando est\u00e1 previsto el inicio del ciclo lectivo.<\/p>\n\n\n\n<p>&#8220;Vamos a comenzar en febrero con la vacunaci\u00f3n en escuelas, con los chicos que comienzan a asistir a la escuela desde el mes que viene, y haciendo todo lo posible para incentivar la vacunaci\u00f3n en los m\u00e1s chicos, que es lo que nos va a marcar una situaci\u00f3n definitivamente mejor en relaci\u00f3n a la pandemia\u201d, dijo la funcionaria en di\u00e1logo con El Destape Radio.<\/p>\n\n\n\n<p>En 2021, tras el arranque de la campa\u00f1a pedi\u00e1trica, el gobierno vacun\u00f3 a 100 mil chicos en 815 establecimientos educativos de toda la provincia. Cariani destac\u00f3, en este sentido, que \u201cel trabajo con las escuelas es fundamental. Siempre la articulaci\u00f3n entre Salud y Educaci\u00f3n fue una muy buena herramienta en cuanto a prevenci\u00f3n y promoci\u00f3n de la salud\u201d. Y resalt\u00f3 que la vacunaci\u00f3n &#8220;no es solo es para los estudiantes sino tambi\u00e9n para los hermanitos y los padres que, por diferentes razones, no pudieron vacunarse&#8221;.<\/p>\n\n\n\n<p>La funcionaria explic\u00f3 que \u201cno es solamente vacunar en la escuela sino un trabajo previo de sensibilizaci\u00f3n con los docentes y con los trabajadores de la educaci\u00f3n para que tambi\u00e9n sean promotores de la vacuna\u201d.<\/p>\n\n\n\n<p>Ceriani precis\u00f3 que la campa\u00f1a &#8220;viene muy bien&#8221; tras la aplicaci\u00f3n del pase sanitario y apunt\u00f3 que en la provincia hay &#8220;un 90% de cobertura con primera dosis, con m\u00e1s de un 80% con segunda dosis y trabajando fuertemente en el grupo de los menores\u201d.<\/p>\n\n\n\n<p>Actualmente, la provincia de Buenos Aires tiene casi el 80 por ciento de la poblaci\u00f3n con el esquema con dos dosis, lo que significa unos 13,5 millones de bonaerenses. Seg\u00fan precis\u00f3 Salud, 15.454.069 se aplicaron la primera dosis, mientras que 13.450.478 la segunda y 4.738.582 ya tienen el refuerzo. Los docentes y auxiliares \u00faede aplicarse la tercera dosis sin turno desde el mi\u00e9rcoles pasado.<\/p>\n","protected":false},"excerpt":{"rendered":"<p>Para garantizar la presencialidad plena en el retorno de las clases, que ser\u00e1n el 2 de marzo, el gobierno prepara un operativo de vacunaci\u00f3n en las m\u00e1s de 2600 escuelas p\u00fablicas de la Provincia de Buenos Aires, que comenzar\u00e1 con aquellos estudiantes que deben reforzar contenidos y aprendizajes en ferero. Al respecto, la subsecretaria de Gesti\u00f3n de la Informaci\u00f3n del Ministerio de Salud de la provincia de Buenos Aires, Leticia&hellip;<\/p>\n","protected":false},"author":4,"featured_media":12221,"comment_status":"open","ping_status":"open","sticky":false,"template":"","format":"standard","meta":{"_acf_changed":false,"footnotes":""},"categories":[2],"tags":[567],"class_list":["post-17126","post","type-post","status-publish","format-standard","has-post-thumbnail","hentry","category-provincia","tag-clases"],"acf":[],"aioseo_notices":[],"_links":{"self":[{"href":"https:\/\/larealidaddelaplata.com.ar\/index.php\/wp-json\/wp\/v2\/posts\/17126"}],"collection":[{"href":"https:\/\/larealidaddelaplata.com.ar\/index.php\/wp-json\/wp\/v2\/posts"}],"about":[{"href":"https:\/\/larealidaddelaplata.com.ar\/index.php\/wp-json\/wp\/v2\/types\/post"}],"author":[{"embeddable":true,"href":"https:\/\/larealidaddelaplata.com.ar\/index.php\/wp-json\/wp\/v2\/users\/4"}],"replies":[{"embeddable":true,"href":"https:\/\/larealidaddelaplata.com.ar\/index.php\/wp-json\/wp\/v2\/comments?post=17126"}],"version-history":[{"count":0,"href":"https:\/\/larealidaddelaplata.com.ar\/index.php\/wp-json\/wp\/v2\/posts\/17126\/revisions"}],"wp:featuredmedia":[{"embeddable":true,"href":"https:\/\/larealidaddelaplata.com.ar\/index.php\/wp-json\/wp\/v2\/media\/12221"}],"wp:attachment":[{"href":"https:\/\/larealidaddelaplata.com.ar\/index.php\/wp-json\/wp\/v2\/media?parent=17126"}],"wp:term":[{"taxonomy":"category","embeddable":true,"href":"https:\/\/larealidaddelaplata.com.ar\/index.php\/wp-json\/wp\/v2\/categories?post=17126"},{"taxonomy":"post_tag","embeddable":true,"href":"https:\/\/larealidaddelaplata.com.ar\/index.php\/wp-json\/wp\/v2\/tags?post=17126"}],"curies":[{"name":"wp","href":"https:\/\/api.w.org\/{rel}","templated":true}]}}