{"id":17979,"date":"2022-02-18T14:10:14","date_gmt":"2022-02-18T17:10:14","guid":{"rendered":"https:\/\/larealidaddelaplata.com.ar\/?p=17979"},"modified":"2022-02-18T14:10:16","modified_gmt":"2022-02-18T17:10:16","slug":"con-un-tributo-a-la-musica-de-los-70-y-80-llega-una-nueva-edicion-de-nochecitas-de-verano","status":"publish","type":"post","link":"https:\/\/larealidaddelaplata.com.ar\/index.php\/2022\/02\/18\/con-un-tributo-a-la-musica-de-los-70-y-80-llega-una-nueva-edicion-de-nochecitas-de-verano\/","title":{"rendered":"Con un tributo a la m\u00fasica de los 70 y 80, llega una nueva edici\u00f3n de \u201cNochecitas de Verano\u201d"},"content":{"rendered":"\n<p>Como parte de una iniciativa organizada por la Secretar\u00eda de Cultura y Educaci\u00f3n local, los vecinos podr\u00e1n disfrutar este s\u00e1bado desde las 18 horas el show en vivo de DJ\u2019s locales, el desfile de los cl\u00e1sicos personajes de La Fanfarria y clases de ritmo latino.<\/p>\n\n\n\n<p>Tras ello, los pintorescos senderos del predio de Gonnet sonar\u00e1n al ritmo de un concierto de folklore con la interpretaci\u00f3n de la cantautora Jimena Carmona; y del coro de talentos, una opci\u00f3n divertida para grandes y chicos.<\/p>\n\n\n\n<p>Para cerrar la jornada de este novedoso ciclo de entretenimiento, la banda platense Pur\u00e9 Disco realizar\u00e1 un reportorio de covers que rendir\u00e1n tributo a la m\u00fasica de las d\u00e9cadas del \u201870 y \u201880.<\/p>\n\n\n\n<p>Es importante remarcar que, adem\u00e1s de todas las propuestas mencionadas, la Rep\u00fablica de los ni\u00f1os ofrecer\u00e1 de forma extendida sus tradicionales juegos, atracciones y visitas a emblem\u00e1ticos edificios del predio. Las familias tambi\u00e9n podr\u00e1n disfrutar la amplia variedad de alternativas del corredor gastron\u00f3mico.\u00a0<\/p>\n","protected":false},"excerpt":{"rendered":"<p>Como parte de una iniciativa organizada por la Secretar\u00eda de Cultura y Educaci\u00f3n local, los vecinos podr\u00e1n disfrutar este s\u00e1bado desde las 18 horas el show en vivo de DJ\u2019s locales, el desfile de los cl\u00e1sicos personajes de La Fanfarria y clases de ritmo latino. Tras ello, los pintorescos senderos del predio de Gonnet sonar\u00e1n al ritmo de un concierto de folklore con la interpretaci\u00f3n de la cantautora Jimena Carmona;&hellip;<\/p>\n","protected":false},"author":6,"featured_media":17980,"comment_status":"open","ping_status":"open","sticky":false,"template":"","format":"standard","meta":{"_acf_changed":false,"footnotes":""},"categories":[2],"tags":[],"class_list":["post-17979","post","type-post","status-publish","format-standard","has-post-thumbnail","hentry","category-provincia"],"acf":[],"aioseo_notices":[],"_links":{"self":[{"href":"https:\/\/larealidaddelaplata.com.ar\/index.php\/wp-json\/wp\/v2\/posts\/17979"}],"collection":[{"href":"https:\/\/larealidaddelaplata.com.ar\/index.php\/wp-json\/wp\/v2\/posts"}],"about":[{"href":"https:\/\/larealidaddelaplata.com.ar\/index.php\/wp-json\/wp\/v2\/types\/post"}],"author":[{"embeddable":true,"href":"https:\/\/larealidaddelaplata.com.ar\/index.php\/wp-json\/wp\/v2\/users\/6"}],"replies":[{"embeddable":true,"href":"https:\/\/larealidaddelaplata.com.ar\/index.php\/wp-json\/wp\/v2\/comments?post=17979"}],"version-history":[{"count":0,"href":"https:\/\/larealidaddelaplata.com.ar\/index.php\/wp-json\/wp\/v2\/posts\/17979\/revisions"}],"wp:featuredmedia":[{"embeddable":true,"href":"https:\/\/larealidaddelaplata.com.ar\/index.php\/wp-json\/wp\/v2\/media\/17980"}],"wp:attachment":[{"href":"https:\/\/larealidaddelaplata.com.ar\/index.php\/wp-json\/wp\/v2\/media?parent=17979"}],"wp:term":[{"taxonomy":"category","embeddable":true,"href":"https:\/\/larealidaddelaplata.com.ar\/index.php\/wp-json\/wp\/v2\/categories?post=17979"},{"taxonomy":"post_tag","embeddable":true,"href":"https:\/\/larealidaddelaplata.com.ar\/index.php\/wp-json\/wp\/v2\/tags?post=17979"}],"curies":[{"name":"wp","href":"https:\/\/api.w.org\/{rel}","templated":true}]}}