{"id":19261,"date":"2022-04-01T09:00:25","date_gmt":"2022-04-01T12:00:25","guid":{"rendered":"https:\/\/larealidaddelaplata.com.ar\/?p=19261"},"modified":"2022-04-01T09:00:28","modified_gmt":"2022-04-01T12:00:28","slug":"platenses-y-legisladores-homenajearon-a-alfonsin-al-cumplirse-13-anos-del-fallecimiento","status":"publish","type":"post","link":"https:\/\/larealidaddelaplata.com.ar\/index.php\/2022\/04\/01\/platenses-y-legisladores-homenajearon-a-alfonsin-al-cumplirse-13-anos-del-fallecimiento\/","title":{"rendered":"Platenses y legisladores homenajearon a Alfons\u00edn al cumplirse 13 a\u00f1os del fallecimiento"},"content":{"rendered":"\n<p>Al cumplirse 13 a\u00f1os del fallecimiento del ex presidente&nbsp;<strong>Ra\u00fal Alfons\u00edn<\/strong>, ocurrido el 31 de marzo de 2009,&nbsp;<strong>legisladores bonaerenses<\/strong>&nbsp;de la&nbsp;<strong>UCR<\/strong>&nbsp;se sumaron a los distintos homenajes que se realizaron en el pa\u00eds. En la ciudad se recordaron al m\u00e1ximo exponente del&nbsp;<strong>radicalismo<\/strong>&nbsp;en su monumento emplazado en Plaza Moreno.<\/p>\n\n\n\n<p>\u201cEstamos convencidos de que el\u00a0<strong>radicalismo va a ser protagonista en las pr\u00f3ximas elecciones<\/strong>, siempre entendiendo la unidad con Cambiemos\u201d, explic\u00f3 el diputado provincial\u00a0<strong>Claudio Frangul<\/strong>\u00a0en dialogo con\u00a0<em>este medio.\u00a0<\/em>Adem\u00e1s valor\u00f3 \u201cel radicalismo ha pasado por momentos dif\u00edciles pero es un partido con un desarrollo territorial enorme\u201d.<\/p>\n\n\n\n<figure class=\"wp-block-embed is-type-rich is-provider-twitter wp-block-embed-twitter\"><div class=\"wp-block-embed__wrapper\">\n<blockquote class=\"twitter-tweet\" data-width=\"550\" data-dnt=\"true\"><p lang=\"es\" dir=\"ltr\">A 13 a\u00f1os de su partida, le rendimos homenajea Ra\u00fal Alfons\u00edn en su monumento de Plaza Moreno. <a href=\"https:\/\/twitter.com\/hashtag\/GraciasRa%C3%BAl?src=hash&amp;ref_src=twsrc%5Etfw\">#GraciasRa\u00fal<\/a> por tu enorme legado en defensa de la Democracia y los Derechos Humanos \ud83c\udde6\ud83c\uddf7\ud83c\uddee\ud83c\udde9 <a href=\"https:\/\/t.co\/ceeUPTWUGt\">pic.twitter.com\/ceeUPTWUGt<\/a><\/p>&mdash; Claudio Frangul (@claudiofrangul) <a href=\"https:\/\/twitter.com\/claudiofrangul\/status\/1509662628146208768?ref_src=twsrc%5Etfw\">March 31, 2022<\/a><\/blockquote><script async src=\"https:\/\/platform.twitter.com\/widgets.js\" charset=\"utf-8\"><\/script>\n<\/div><\/figure>\n\n\n\n<p>El ex presidente&nbsp;<strong>Ra\u00fal Alfons\u00edn<\/strong>&nbsp;falleci\u00f3 a los 82 a\u00f1os de un c\u00e1ncer de pulm\u00f3n que se hab\u00eda agravado en las horas previas con una neumon\u00eda. &nbsp;Alfons\u00edn \u201csiempre pens\u00f3 en el bien com\u00fan\u201d, admiti\u00f3 el diputado de la 8va secci\u00f3n electoral. Adem\u00e1s estim\u00f3 que el monumento realizado en plaza moreno \u201ces una simbolog\u00eda por la austeridad\u201d que caracteriz\u00f3 su vida.<\/p>\n\n\n\n<p><strong>Alfons\u00edn<\/strong>&nbsp;recibi\u00f3 el reconocimiento de todo el arco pol\u00edtico al d\u00eda siguiente que sus restos fueron llevados en una cure\u00f1a militar escoltada por el Regimiento de Granaderos a Caballo al Cementerio de la Recoleta, en Buenos Aires.<\/p>\n","protected":false},"excerpt":{"rendered":"<p>Al cumplirse 13 a\u00f1os del fallecimiento del ex presidente&nbsp;Ra\u00fal Alfons\u00edn, ocurrido el 31 de marzo de 2009,&nbsp;legisladores bonaerenses&nbsp;de la&nbsp;UCR&nbsp;se sumaron a los distintos homenajes que se realizaron en el pa\u00eds. En la ciudad se recordaron al m\u00e1ximo exponente del&nbsp;radicalismo&nbsp;en su monumento emplazado en Plaza Moreno. \u201cEstamos convencidos de que el\u00a0radicalismo va a ser protagonista en las pr\u00f3ximas elecciones, siempre entendiendo la unidad con Cambiemos\u201d, explic\u00f3 el diputado provincial\u00a0Claudio Frangul\u00a0en dialogo&hellip;<\/p>\n","protected":false},"author":3,"featured_media":19264,"comment_status":"open","ping_status":"open","sticky":false,"template":"","format":"standard","meta":{"_acf_changed":false,"footnotes":""},"categories":[2],"tags":[3556,1086,21,115,3557],"class_list":["post-19261","post","type-post","status-publish","format-standard","has-post-thumbnail","hentry","category-provincia","tag-alfonsin","tag-claudio-frangul","tag-la-plata","tag-municipalidad-de-la-plata","tag-raul-2"],"acf":[],"aioseo_notices":[],"_links":{"self":[{"href":"https:\/\/larealidaddelaplata.com.ar\/index.php\/wp-json\/wp\/v2\/posts\/19261"}],"collection":[{"href":"https:\/\/larealidaddelaplata.com.ar\/index.php\/wp-json\/wp\/v2\/posts"}],"about":[{"href":"https:\/\/larealidaddelaplata.com.ar\/index.php\/wp-json\/wp\/v2\/types\/post"}],"author":[{"embeddable":true,"href":"https:\/\/larealidaddelaplata.com.ar\/index.php\/wp-json\/wp\/v2\/users\/3"}],"replies":[{"embeddable":true,"href":"https:\/\/larealidaddelaplata.com.ar\/index.php\/wp-json\/wp\/v2\/comments?post=19261"}],"version-history":[{"count":0,"href":"https:\/\/larealidaddelaplata.com.ar\/index.php\/wp-json\/wp\/v2\/posts\/19261\/revisions"}],"wp:featuredmedia":[{"embeddable":true,"href":"https:\/\/larealidaddelaplata.com.ar\/index.php\/wp-json\/wp\/v2\/media\/19264"}],"wp:attachment":[{"href":"https:\/\/larealidaddelaplata.com.ar\/index.php\/wp-json\/wp\/v2\/media?parent=19261"}],"wp:term":[{"taxonomy":"category","embeddable":true,"href":"https:\/\/larealidaddelaplata.com.ar\/index.php\/wp-json\/wp\/v2\/categories?post=19261"},{"taxonomy":"post_tag","embeddable":true,"href":"https:\/\/larealidaddelaplata.com.ar\/index.php\/wp-json\/wp\/v2\/tags?post=19261"}],"curies":[{"name":"wp","href":"https:\/\/api.w.org\/{rel}","templated":true}]}}