{"id":19267,"date":"2022-04-01T14:26:56","date_gmt":"2022-04-01T17:26:56","guid":{"rendered":"https:\/\/larealidaddelaplata.com.ar\/?p=19267"},"modified":"2022-04-01T14:26:59","modified_gmt":"2022-04-01T17:26:59","slug":"caos-en-plaza-moreno-por-una-protesta-de-upcn","status":"publish","type":"post","link":"https:\/\/larealidaddelaplata.com.ar\/index.php\/2022\/04\/01\/caos-en-plaza-moreno-por-una-protesta-de-upcn\/","title":{"rendered":"Caos en Plaza Moreno por una protesta de UPCN"},"content":{"rendered":"\n<p>Varias decenas de trabajadores p\u00fablicos de La Plata se movilizaron este viernes hasta las puertas de la Municipalidad, para reclamar por la apertura de las negociaciones de los salarios y denunciar una &#8220;paritaria ilegal&#8221; tras el acuerdo alcanzado entre la comuna y los representantes de otros gremios que nuclean a empleados estatales en la ciudad. La protesta incluy\u00f3 la quema de gomas y el corte de calle 12 frente al Palacio Municipal, lo que complic\u00f3 seriamente la circulaci\u00f3n del tr\u00e1nsito en la zona.<\/p>\n\n\n\n<p>Este jueves por la ma\u00f1ana tambi\u00e9n hab\u00eda habido un corte y protesta a la altura del Municipio, por parte del gremio SOEMLP. Ambos sindicatos advierten que el aumento de 47% que comunic\u00f3 el municipio la semana pasada fue \u201carreglado\u201d con un solo gremio: el Sindicato de Trabajadores Municipales (STM).<\/p>\n\n\n\n<p>El Sindicato de Obreros y Empleados Municipales de La Plata (SOEMLP) forma parte de una federaci\u00f3n provincial de gremios de trabajadores municipales, la Federaci\u00f3n de Sindicatos Municipales Bonaerenses (FESIMUBO). Fue desde ese espacio que se realiz\u00f3 la movilizaci\u00f3n del jueves, en protesta a la no llamada del Gobierno municipal a discutir la paritaria.<\/p>\n\n\n\n<p>&#8220;Se vuelve a repetir esa actitud del intendente de no convocarnos a pesar que nosotros ya cumplimos los requisitos necesarios, tenemos 1.500 afiliados, el suficiente cupo y porcentaje para participar de la paritaria&#8221;, advirti\u00f3 Ariel Picotto, secretario gremial del Soemlp, a Pulso Noticias. Y agreg\u00f3 que hace 4 a\u00f1os que desde Soemlp se vienen realizando presentaciones en el Ministerio de Trabajo y que incluso est\u00e1 dispuesta una conciliaci\u00f3n obligatoria, la cual el municipio no estar\u00eda cumpliendo.<\/p>\n","protected":false},"excerpt":{"rendered":"<p>Varias decenas de trabajadores p\u00fablicos de La Plata se movilizaron este viernes hasta las puertas de la Municipalidad, para reclamar por la apertura de las negociaciones de los salarios y denunciar una &#8220;paritaria ilegal&#8221; tras el acuerdo alcanzado entre la comuna y los representantes de otros gremios que nuclean a empleados estatales en la ciudad. La protesta incluy\u00f3 la quema de gomas y el corte de calle 12 frente al&hellip;<\/p>\n","protected":false},"author":4,"featured_media":19268,"comment_status":"open","ping_status":"open","sticky":false,"template":"","format":"standard","meta":{"_acf_changed":false,"footnotes":""},"categories":[3],"tags":[2237,1794],"class_list":["post-19267","post","type-post","status-publish","format-standard","has-post-thumbnail","hentry","category-la-plata","tag-plaza-moreno","tag-upcn"],"acf":[],"aioseo_notices":[],"_links":{"self":[{"href":"https:\/\/larealidaddelaplata.com.ar\/index.php\/wp-json\/wp\/v2\/posts\/19267"}],"collection":[{"href":"https:\/\/larealidaddelaplata.com.ar\/index.php\/wp-json\/wp\/v2\/posts"}],"about":[{"href":"https:\/\/larealidaddelaplata.com.ar\/index.php\/wp-json\/wp\/v2\/types\/post"}],"author":[{"embeddable":true,"href":"https:\/\/larealidaddelaplata.com.ar\/index.php\/wp-json\/wp\/v2\/users\/4"}],"replies":[{"embeddable":true,"href":"https:\/\/larealidaddelaplata.com.ar\/index.php\/wp-json\/wp\/v2\/comments?post=19267"}],"version-history":[{"count":0,"href":"https:\/\/larealidaddelaplata.com.ar\/index.php\/wp-json\/wp\/v2\/posts\/19267\/revisions"}],"wp:featuredmedia":[{"embeddable":true,"href":"https:\/\/larealidaddelaplata.com.ar\/index.php\/wp-json\/wp\/v2\/media\/19268"}],"wp:attachment":[{"href":"https:\/\/larealidaddelaplata.com.ar\/index.php\/wp-json\/wp\/v2\/media?parent=19267"}],"wp:term":[{"taxonomy":"category","embeddable":true,"href":"https:\/\/larealidaddelaplata.com.ar\/index.php\/wp-json\/wp\/v2\/categories?post=19267"},{"taxonomy":"post_tag","embeddable":true,"href":"https:\/\/larealidaddelaplata.com.ar\/index.php\/wp-json\/wp\/v2\/tags?post=19267"}],"curies":[{"name":"wp","href":"https:\/\/api.w.org\/{rel}","templated":true}]}}