{"id":19272,"date":"2022-04-01T14:36:01","date_gmt":"2022-04-01T17:36:01","guid":{"rendered":"https:\/\/larealidaddelaplata.com.ar\/?p=19272"},"modified":"2022-04-01T14:36:04","modified_gmt":"2022-04-01T17:36:04","slug":"impactante-incendio-en-una-delegacion-municipal-de-berisso","status":"publish","type":"post","link":"https:\/\/larealidaddelaplata.com.ar\/index.php\/2022\/04\/01\/impactante-incendio-en-una-delegacion-municipal-de-berisso\/","title":{"rendered":"Impactante incendio en una delegaci\u00f3n municipal de Berisso"},"content":{"rendered":"\n<p>Un tenso momento se vivi\u00f3 este jueves por la tarde en la localidad de Berisso, luego de un incendio desatado en el dep\u00f3sito de una delegaci\u00f3n municipal. Seg\u00fan trascendi\u00f3, el siniestro se habr\u00eda producido luego de que un cami\u00f3n chocara contra la estructura, iniciando el foco \u00edgneo.<\/p>\n\n\n\n<p>Ante esta situaci\u00f3n, Bomberos del Destacamento N\u00b0 1 de El Carmen acudieron al centro comunal, ubicado en 77 entre 122 y 123, y comenzaron las tareas. Seg\u00fan informaron fuentes oficiales, &#8220;dada la magnitud del incendio, tuvieron que trabajar tres autobombas&#8221;, todas bajo la supervisi\u00f3n del oficial ayudante Leandro Nedela.<\/p>\n\n\n\n<p>Tras casi dos horas de intensa labor, los auxiliares lograron controlar el fuego, evitando la propagaci\u00f3n a otros sectores del complejo y sin que se registraran heridos.<\/p>\n\n\n\n<p>Adem\u00e1s, del operativo participaron efectivos del Comando de Patrullas y de Defensa Civil.<\/p>\n","protected":false},"excerpt":{"rendered":"<p>Un tenso momento se vivi\u00f3 este jueves por la tarde en la localidad de Berisso, luego de un incendio desatado en el dep\u00f3sito de una delegaci\u00f3n municipal. Seg\u00fan trascendi\u00f3, el siniestro se habr\u00eda producido luego de que un cami\u00f3n chocara contra la estructura, iniciando el foco \u00edgneo. Ante esta situaci\u00f3n, Bomberos del Destacamento N\u00b0 1 de El Carmen acudieron al centro comunal, ubicado en 77 entre 122 y 123, y&hellip;<\/p>\n","protected":false},"author":4,"featured_media":19273,"comment_status":"open","ping_status":"open","sticky":false,"template":"","format":"standard","meta":{"_acf_changed":false,"footnotes":""},"categories":[8],"tags":[52,3559,135],"class_list":["post-19272","post","type-post","status-publish","format-standard","has-post-thumbnail","hentry","category-policiales","tag-berisso","tag-delegacion-municipal","tag-incendio"],"acf":[],"aioseo_notices":[],"_links":{"self":[{"href":"https:\/\/larealidaddelaplata.com.ar\/index.php\/wp-json\/wp\/v2\/posts\/19272"}],"collection":[{"href":"https:\/\/larealidaddelaplata.com.ar\/index.php\/wp-json\/wp\/v2\/posts"}],"about":[{"href":"https:\/\/larealidaddelaplata.com.ar\/index.php\/wp-json\/wp\/v2\/types\/post"}],"author":[{"embeddable":true,"href":"https:\/\/larealidaddelaplata.com.ar\/index.php\/wp-json\/wp\/v2\/users\/4"}],"replies":[{"embeddable":true,"href":"https:\/\/larealidaddelaplata.com.ar\/index.php\/wp-json\/wp\/v2\/comments?post=19272"}],"version-history":[{"count":0,"href":"https:\/\/larealidaddelaplata.com.ar\/index.php\/wp-json\/wp\/v2\/posts\/19272\/revisions"}],"wp:featuredmedia":[{"embeddable":true,"href":"https:\/\/larealidaddelaplata.com.ar\/index.php\/wp-json\/wp\/v2\/media\/19273"}],"wp:attachment":[{"href":"https:\/\/larealidaddelaplata.com.ar\/index.php\/wp-json\/wp\/v2\/media?parent=19272"}],"wp:term":[{"taxonomy":"category","embeddable":true,"href":"https:\/\/larealidaddelaplata.com.ar\/index.php\/wp-json\/wp\/v2\/categories?post=19272"},{"taxonomy":"post_tag","embeddable":true,"href":"https:\/\/larealidaddelaplata.com.ar\/index.php\/wp-json\/wp\/v2\/tags?post=19272"}],"curies":[{"name":"wp","href":"https:\/\/api.w.org\/{rel}","templated":true}]}}