{"id":19360,"date":"2022-04-05T08:23:35","date_gmt":"2022-04-05T11:23:35","guid":{"rendered":"https:\/\/larealidaddelaplata.com.ar\/?p=19360"},"modified":"2022-04-05T08:23:38","modified_gmt":"2022-04-05T11:23:38","slug":"despues-de-tres-anos-vuelve-a-tocar-guasones-en-la-plata","status":"publish","type":"post","link":"https:\/\/larealidaddelaplata.com.ar\/index.php\/2022\/04\/05\/despues-de-tres-anos-vuelve-a-tocar-guasones-en-la-plata\/","title":{"rendered":"Despu\u00e9s de tres a\u00f1os, vuelve a tocar Guasones en La Plata"},"content":{"rendered":"\n<p>El pasado 17 de marzo, hab\u00eda comenzado a surgir el rumor de que la banda\u00a0<strong>Guasones\u00a0<\/strong>oriunda de la ciudad de La Plata, volver\u00eda a tocar en la ciudad de las diagonales. Tras algunas semanas, finalmente la noche del domingo 3 de abril, lo confirmaron. La banda liderada por\u00a0<em>Facundo Soto,\u00a0<\/em>tocar\u00e1 el\u00a0\u00a0<strong>18 de junio en el Estadio Atenas<\/strong>.<\/p>\n\n\n\n<p>Luego de una espera de tres a\u00f1os, los platenses volver\u00e1n a ver y escuchar a una de las bandas m\u00e1s convocadas en el pa\u00eds. La banda comenz\u00f3 en el 2021 una gira\u00a0<em>\u201cEl Hurac\u00e1n\u201d,\u00a0<\/em>titulo de la canci\u00f3n lanzada en septiembre de ese a\u00f1o.<\/p>\n\n\n\n<figure class=\"wp-block-embed is-type-rich is-provider-twitter wp-block-embed-twitter\"><div class=\"wp-block-embed__wrapper\">\n<blockquote class=\"twitter-tweet\" data-width=\"550\" data-dnt=\"true\"><p lang=\"es\" dir=\"ltr\">Entradas ya a la venta en:<a href=\"https:\/\/t.co\/TSjY9dVy8w\">https:\/\/t.co\/TSjY9dVy8w<\/a> <br>y en Teatro Opera de La Plata <a href=\"https:\/\/twitter.com\/gonnagoprod?ref_src=twsrc%5Etfw\">@gonnagoprod<\/a> <a href=\"https:\/\/t.co\/P8bLJusI1Y\">pic.twitter.com\/P8bLJusI1Y<\/a><\/p>&mdash; Guasones (@guasonesoficial) <a href=\"https:\/\/twitter.com\/guasonesoficial\/status\/1510988889640484864?ref_src=twsrc%5Etfw\">April 4, 2022<\/a><\/blockquote><script async src=\"https:\/\/platform.twitter.com\/widgets.js\" charset=\"utf-8\"><\/script>\n<\/div><\/figure>\n\n\n\n<p>Dicho tema es parte del material discogr\u00e1fico titulado&nbsp;<em>\u201cEl Hurac\u00e1n Vol.9\u201d.&nbsp;<\/em>Durante fines de 2021 y el verano de 2022 presentaron los sencillos \u201cNi siquiera\u201d y \u201cEl Tren\u201d. Recientemente dieron a conocer \u201cSuerte\u201d.<\/p>\n\n\n\n<p>Para el show en el Estadio Atenas, ya salieron las entradas a la venta. Las mismas podr\u00e1n adquirirse a trav\u00e9s de&nbsp;<a href=\"https:\/\/taplink.cc\/livepassarg\" target=\"_blank\" rel=\"noreferrer noopener\">LivePass<\/a>&nbsp;o en las boleterias del&nbsp;<strong>Teatro Opera<\/strong>&nbsp;de La Plata.<\/p>\n","protected":false},"excerpt":{"rendered":"<p>El pasado 17 de marzo, hab\u00eda comenzado a surgir el rumor de que la banda\u00a0Guasones\u00a0oriunda de la ciudad de La Plata, volver\u00eda a tocar en la ciudad de las diagonales. Tras algunas semanas, finalmente la noche del domingo 3 de abril, lo confirmaron. La banda liderada por\u00a0Facundo Soto,\u00a0tocar\u00e1 el\u00a0\u00a018 de junio en el Estadio Atenas. Luego de una espera de tres a\u00f1os, los platenses volver\u00e1n a ver y escuchar a&hellip;<\/p>\n","protected":false},"author":3,"featured_media":19363,"comment_status":"open","ping_status":"open","sticky":false,"template":"","format":"standard","meta":{"_acf_changed":false,"footnotes":""},"categories":[2],"tags":[3572,3571,3570,21,115,369],"class_list":["post-19360","post","type-post","status-publish","format-standard","has-post-thumbnail","hentry","category-provincia","tag-estadio-atenas","tag-facundo-soto","tag-guasones","tag-la-plata","tag-municipalidad-de-la-plata","tag-provincia-de-buenos-aires"],"acf":[],"aioseo_notices":[],"_links":{"self":[{"href":"https:\/\/larealidaddelaplata.com.ar\/index.php\/wp-json\/wp\/v2\/posts\/19360"}],"collection":[{"href":"https:\/\/larealidaddelaplata.com.ar\/index.php\/wp-json\/wp\/v2\/posts"}],"about":[{"href":"https:\/\/larealidaddelaplata.com.ar\/index.php\/wp-json\/wp\/v2\/types\/post"}],"author":[{"embeddable":true,"href":"https:\/\/larealidaddelaplata.com.ar\/index.php\/wp-json\/wp\/v2\/users\/3"}],"replies":[{"embeddable":true,"href":"https:\/\/larealidaddelaplata.com.ar\/index.php\/wp-json\/wp\/v2\/comments?post=19360"}],"version-history":[{"count":0,"href":"https:\/\/larealidaddelaplata.com.ar\/index.php\/wp-json\/wp\/v2\/posts\/19360\/revisions"}],"wp:featuredmedia":[{"embeddable":true,"href":"https:\/\/larealidaddelaplata.com.ar\/index.php\/wp-json\/wp\/v2\/media\/19363"}],"wp:attachment":[{"href":"https:\/\/larealidaddelaplata.com.ar\/index.php\/wp-json\/wp\/v2\/media?parent=19360"}],"wp:term":[{"taxonomy":"category","embeddable":true,"href":"https:\/\/larealidaddelaplata.com.ar\/index.php\/wp-json\/wp\/v2\/categories?post=19360"},{"taxonomy":"post_tag","embeddable":true,"href":"https:\/\/larealidaddelaplata.com.ar\/index.php\/wp-json\/wp\/v2\/tags?post=19360"}],"curies":[{"name":"wp","href":"https:\/\/api.w.org\/{rel}","templated":true}]}}