{"id":19710,"date":"2022-04-18T10:54:48","date_gmt":"2022-04-18T13:54:48","guid":{"rendered":"https:\/\/larealidaddelaplata.com.ar\/?p=19710"},"modified":"2022-04-18T10:54:50","modified_gmt":"2022-04-18T13:54:50","slug":"comienza-la-vacunacion-contra-la-gripe-en-grupos-priorizados","status":"publish","type":"post","link":"https:\/\/larealidaddelaplata.com.ar\/index.php\/2022\/04\/18\/comienza-la-vacunacion-contra-la-gripe-en-grupos-priorizados\/","title":{"rendered":"Comienza la vacunaci\u00f3n contra la gripe en grupos priorizados"},"content":{"rendered":"\n<p>Todos los grupos priorizados, que incluyen personal sanitario, ni\u00f1as y ni\u00f1os de 6 a 24 meses, embarazadas en cualquier trimestre de la gestaci\u00f3n, pu\u00e9rperas, personas de 3 a 63 a\u00f1os con factores de riesgo y mayores de 65 a\u00f1os podr\u00e1n vacunarse desde este lunes contra la gripe en la provincia de Buenos Aires.<\/p>\n\n\n\n<p>As\u00ed lo inform\u00f3 el Ministerio de Salud bonaerense, desde donde se precis\u00f3 que la lista de vacunatorios en cada uno de los 135 municipios puede encontrarse en <a href=\"https:\/\/www.ms.gba.gov.ar\/sitios\/media\/files\/2022\/04\/Hospitales-Vacunaci%C3%B3n-GRIPE-2022.pdf\" target=\"_blank\" rel=\"noreferrer noopener\" title=\"https:\/\/gba.gob.ar\/vacunacion\/\">https:\/\/gba.gob.ar\/vacunacion\/<\/a><\/p>\n\n\n\n<p>Se record\u00f3 desde la cartera sanitaria que la vacuna de la gripe y la del Covid son compatibles y pueden ser aplicadas sin intervalos entre s\u00ed y se indic\u00f3 que no se requiere orden m\u00e9dica.<\/p>\n\n\n\n<p>El cambio de estaci\u00f3n trajo consigo un marcado aumento de los casos de gripe no solo en la provincia sino tambi\u00e9n en la regi\u00f3n y por ello las autoridades bonaerenses decidieron ampliar a partir de este lunes el p\u00fablico objetivo de la campa\u00f1a de vacunaci\u00f3n antigripal. La inmunizaci\u00f3n contra la influenza se realizar\u00e1 en etapas en los vacunatorios y centros de salud.<\/p>\n\n\n\n<p>En el Programa de Control de Enfermedades Inmunoprevenibles aclararon que si en a\u00f1os anteriores los chicos no recibieron dos dosis de vacuna antigripal deber\u00e1n d\u00e1rselas este a\u00f1o, con un intervalo m\u00ednimo de cuatro semanas entre la primera y la segunda aplicaci\u00f3n.<\/p>\n\n\n\n<p>En la cartera sanitaria provincial aclararon tambi\u00e9n que las vacunas antigripales pueden aplicarse junto con cualquier dosis o refuerzo de la vacuna que previene el COVID-19, sin necesidad de intervalo entre una y otra porque la combinaci\u00f3n est\u00e1 probada y es segura.<\/p>\n\n\n\n<p>Este a\u00f1o la vacuna antigripal tiene tres componentes, uno contra la influenza A H1N1, otro que previene la A H3N2 y, por \u00faltimo, el componente de linaje B\/Victoria. Quienes tengan factores de riesgo para gripe y concurran a vacunarse no necesitar\u00e1n llevar prescripci\u00f3n m\u00e9dica. En su reemplazo se les pedir\u00e1 que presenten cualquier documentaci\u00f3n que certifique la existencia de enfermedades preexistentes.<\/p>\n","protected":false},"excerpt":{"rendered":"<p>Todos los grupos priorizados, que incluyen personal sanitario, ni\u00f1as y ni\u00f1os de 6 a 24 meses, embarazadas en cualquier trimestre de la gestaci\u00f3n, pu\u00e9rperas, personas de 3 a 63 a\u00f1os con factores de riesgo y mayores de 65 a\u00f1os podr\u00e1n vacunarse desde este lunes contra la gripe en la provincia de Buenos Aires. As\u00ed lo inform\u00f3 el Ministerio de Salud bonaerense, desde donde se precis\u00f3 que la lista de vacunatorios&hellip;<\/p>\n","protected":false},"author":4,"featured_media":15024,"comment_status":"open","ping_status":"open","sticky":false,"template":"","format":"standard","meta":{"_acf_changed":false,"footnotes":""},"categories":[2],"tags":[],"class_list":["post-19710","post","type-post","status-publish","format-standard","has-post-thumbnail","hentry","category-provincia"],"acf":[],"aioseo_notices":[],"_links":{"self":[{"href":"https:\/\/larealidaddelaplata.com.ar\/index.php\/wp-json\/wp\/v2\/posts\/19710"}],"collection":[{"href":"https:\/\/larealidaddelaplata.com.ar\/index.php\/wp-json\/wp\/v2\/posts"}],"about":[{"href":"https:\/\/larealidaddelaplata.com.ar\/index.php\/wp-json\/wp\/v2\/types\/post"}],"author":[{"embeddable":true,"href":"https:\/\/larealidaddelaplata.com.ar\/index.php\/wp-json\/wp\/v2\/users\/4"}],"replies":[{"embeddable":true,"href":"https:\/\/larealidaddelaplata.com.ar\/index.php\/wp-json\/wp\/v2\/comments?post=19710"}],"version-history":[{"count":0,"href":"https:\/\/larealidaddelaplata.com.ar\/index.php\/wp-json\/wp\/v2\/posts\/19710\/revisions"}],"wp:featuredmedia":[{"embeddable":true,"href":"https:\/\/larealidaddelaplata.com.ar\/index.php\/wp-json\/wp\/v2\/media\/15024"}],"wp:attachment":[{"href":"https:\/\/larealidaddelaplata.com.ar\/index.php\/wp-json\/wp\/v2\/media?parent=19710"}],"wp:term":[{"taxonomy":"category","embeddable":true,"href":"https:\/\/larealidaddelaplata.com.ar\/index.php\/wp-json\/wp\/v2\/categories?post=19710"},{"taxonomy":"post_tag","embeddable":true,"href":"https:\/\/larealidaddelaplata.com.ar\/index.php\/wp-json\/wp\/v2\/tags?post=19710"}],"curies":[{"name":"wp","href":"https:\/\/api.w.org\/{rel}","templated":true}]}}