{"id":19713,"date":"2022-04-18T11:21:44","date_gmt":"2022-04-18T14:21:44","guid":{"rendered":"https:\/\/larealidaddelaplata.com.ar\/?p=19713"},"modified":"2022-04-18T11:22:14","modified_gmt":"2022-04-18T14:22:14","slug":"un-comerciante-de-berisso-lucha-por-su-vida-tras-ser-atacado-a-palazos","status":"publish","type":"post","link":"https:\/\/larealidaddelaplata.com.ar\/index.php\/2022\/04\/18\/un-comerciante-de-berisso-lucha-por-su-vida-tras-ser-atacado-a-palazos\/","title":{"rendered":"Un comerciante de Berisso lucha por su vida tras ser atacado a palazos"},"content":{"rendered":"\n<p>En la regi\u00f3n todav\u00eda persiste la conmoci\u00f3n por el comerciante de 66 a\u00f1os que recibi\u00f3 golpes brutales en la cabeza con una pala en Berisso. Ahora, la v\u00edctima identificada como Eduardo Mu\u00f1oz lucha por su vida a partir de las graves lesiones provocadas por otro hombre de 35 a\u00f1os, quien adem\u00e1s es el hermano del karateka Mart\u00ednez, quien fue absuelto en la causa por el cu\u00e1druple crimen de La Loma de 2011.<\/p>\n\n\n\n<p>A partir de este episodio, Mu\u00f1oz sufri\u00f3 hundimiento de cr\u00e1neo y la p\u00e9rdida de un ojo, lo que provoc\u00f3 mucha tristeza en los vecinos. Eduardo, o &#8220;Tata&#8221; para los m\u00e1s cercanos, es un parrillero muy reconocido y querido en la ciudad vecina y tiene su parrilla en Orden entre Progreso y 25 de mayo.<\/p>\n\n\n\n<p>&#8220;Todo aquel que lo conoce sabe que nunca se pelea con nadie&#8221;, fueron las palabras de un vecino que es cercano a la familia de Eduardo, qui\u00e9n adem\u00e1s agreg\u00f3 que &#8220;es muy querido en Berisso&#8221;. Los vecinos piden justicia entre la indignaci\u00f3n y la conmoci\u00f3n por lo ocurrido: &#8220;Su estado es realmente grave y nos llena de tristeza. Tenemos que esperar a ma\u00f1ana su evoluci\u00f3n, aunque su pron\u00f3stico no es nada alentador&#8221;, dijo el vecino, que adem\u00e1s se\u00f1al\u00f3 que no comprenden los motivos de la pelea porque aseguran que Eduardo &#8220;era muy tranquilo&#8221; como para haber provocado el conflicto.<\/p>\n\n\n\n<p>Seg\u00fan informaron testigos del hecho, todo ocurri\u00f3 en el marco de una pelea desatada este fin de semana cuando el agresor arremeti\u00f3 con una pala sobre la cabeza del damnificado, dej\u00e1ndolo inconsciente y con heridas contundentes. En ese marco, las autoridades atraparon al sospechoso en las inmediaciones de 18 y 161, y luego lo trasladaron a la comisar\u00eda Primera, con la intervenci\u00f3n de la fiscal Cecilia Corfield.<\/p>\n\n\n\n<p>Por su parte, Eduardo fue trasladado al hospital Larrain por la ambulancia del SAME, donde le brindaron asistencia ante la gravedad de su estado. Seg\u00fan aseguraron los voceros, actualmente se encuentra internado en terapia intensiva y el cuadro es &#8220;bastante grave&#8221;, por lo que se espera por su evoluci\u00f3n.<\/p>\n","protected":false},"excerpt":{"rendered":"<p>En la regi\u00f3n todav\u00eda persiste la conmoci\u00f3n por el comerciante de 66 a\u00f1os que recibi\u00f3 golpes brutales en la cabeza con una pala en Berisso. Ahora, la v\u00edctima identificada como Eduardo Mu\u00f1oz lucha por su vida a partir de las graves lesiones provocadas por otro hombre de 35 a\u00f1os, quien adem\u00e1s es el hermano del karateka Mart\u00ednez, quien fue absuelto en la causa por el cu\u00e1druple crimen de La Loma&hellip;<\/p>\n","protected":false},"author":4,"featured_media":19714,"comment_status":"open","ping_status":"open","sticky":false,"template":"","format":"standard","meta":{"_acf_changed":false,"footnotes":""},"categories":[8],"tags":[3594,52,448,212],"class_list":["post-19713","post","type-post","status-publish","format-standard","has-post-thumbnail","hentry","category-policiales","tag-ataque","tag-berisso","tag-parrilla","tag-violencia"],"acf":[],"aioseo_notices":[],"_links":{"self":[{"href":"https:\/\/larealidaddelaplata.com.ar\/index.php\/wp-json\/wp\/v2\/posts\/19713"}],"collection":[{"href":"https:\/\/larealidaddelaplata.com.ar\/index.php\/wp-json\/wp\/v2\/posts"}],"about":[{"href":"https:\/\/larealidaddelaplata.com.ar\/index.php\/wp-json\/wp\/v2\/types\/post"}],"author":[{"embeddable":true,"href":"https:\/\/larealidaddelaplata.com.ar\/index.php\/wp-json\/wp\/v2\/users\/4"}],"replies":[{"embeddable":true,"href":"https:\/\/larealidaddelaplata.com.ar\/index.php\/wp-json\/wp\/v2\/comments?post=19713"}],"version-history":[{"count":0,"href":"https:\/\/larealidaddelaplata.com.ar\/index.php\/wp-json\/wp\/v2\/posts\/19713\/revisions"}],"wp:featuredmedia":[{"embeddable":true,"href":"https:\/\/larealidaddelaplata.com.ar\/index.php\/wp-json\/wp\/v2\/media\/19714"}],"wp:attachment":[{"href":"https:\/\/larealidaddelaplata.com.ar\/index.php\/wp-json\/wp\/v2\/media?parent=19713"}],"wp:term":[{"taxonomy":"category","embeddable":true,"href":"https:\/\/larealidaddelaplata.com.ar\/index.php\/wp-json\/wp\/v2\/categories?post=19713"},{"taxonomy":"post_tag","embeddable":true,"href":"https:\/\/larealidaddelaplata.com.ar\/index.php\/wp-json\/wp\/v2\/tags?post=19713"}],"curies":[{"name":"wp","href":"https:\/\/api.w.org\/{rel}","templated":true}]}}