{"id":20942,"date":"2022-05-31T16:37:42","date_gmt":"2022-05-31T19:37:42","guid":{"rendered":"https:\/\/larealidaddelaplata.com.ar\/?p=20942"},"modified":"2022-05-31T16:37:46","modified_gmt":"2022-05-31T19:37:46","slug":"estudiantes-volvio-a-los-entrenamientos-con-un-refuerzo","status":"publish","type":"post","link":"https:\/\/larealidaddelaplata.com.ar\/index.php\/2022\/05\/31\/estudiantes-volvio-a-los-entrenamientos-con-un-refuerzo\/","title":{"rendered":"Estudiantes volvi\u00f3 a los entrenamientos con un refuerzo"},"content":{"rendered":"\n<p>Estudiantes ya se encuentra realizando una mini pretemporada, luego del corto parate, con la mente puesta en el cl\u00e1sico del pr\u00f3ximo domingo. <strong>El &#8220;pincha&#8221; recibir\u00e1 a Gimnasia en &#8220;UNO&#8221; desde las 17.00<\/strong>. <\/p>\n\n\n\n<p>Este lunes por la tarde los dirigidos por <strong>Ricardo Zielinski<\/strong> retomaron las pr\u00e1cticas con un nuevo refuerzo. Se trata de <strong>Luciano Lollo<\/strong>, el defensor de 35 a\u00f1os, que lleg\u00f3 proveniente de Banfield. Durante el viernes, pas\u00f3 la revisi\u00f3n m\u00e9dica y luego en el fin de semana rubric\u00f3 la firma con el club hasta diciembre de 2023. El zaguero central arrib\u00f3 como uno de los pedidos exclusivos del entrenador albirrojo, quien lo tuvo en su paso por Belgrano de C\u00f3rdoba.<\/p>\n\n\n\n<p>De esta manera, Ricardo Zielinski ya piensa a diagramar un 11 titular para enfrentar al &#8220;lobo&#8221;. \u00bfHabr\u00e1 cambio de esquema con la llegada de Lollo?.<\/p>\n\n\n\n<p>Por \u00faltimo, el &#8220;pincha&#8221; ya tiene fecha y horario para enfrentar a Fortaleza. La ida ser\u00e1 en Brasil, el 30 de junio a las 21.30, mientras que la vuelta se dar\u00e1 el 7 de julio en el mismo horario, pero en el estadio Jorge Luis Hirschi.<\/p>\n","protected":false},"excerpt":{"rendered":"<p>Estudiantes ya se encuentra realizando una mini pretemporada, luego del corto parate, con la mente puesta en el cl\u00e1sico del pr\u00f3ximo domingo. El &#8220;pincha&#8221; recibir\u00e1 a Gimnasia en &#8220;UNO&#8221; desde las 17.00. Este lunes por la tarde los dirigidos por Ricardo Zielinski retomaron las pr\u00e1cticas con un nuevo refuerzo. Se trata de Luciano Lollo, el defensor de 35 a\u00f1os, que lleg\u00f3 proveniente de Banfield. Durante el viernes, pas\u00f3 la revisi\u00f3n&hellip;<\/p>\n","protected":false},"author":6,"featured_media":20943,"comment_status":"open","ping_status":"open","sticky":false,"template":"","format":"standard","meta":{"_acf_changed":false,"footnotes":""},"categories":[10,12],"tags":[226],"class_list":["post-20942","post","type-post","status-publish","format-standard","has-post-thumbnail","hentry","category-deportes","category-estudiantes","tag-estudiantes"],"acf":[],"aioseo_notices":[],"_links":{"self":[{"href":"https:\/\/larealidaddelaplata.com.ar\/index.php\/wp-json\/wp\/v2\/posts\/20942"}],"collection":[{"href":"https:\/\/larealidaddelaplata.com.ar\/index.php\/wp-json\/wp\/v2\/posts"}],"about":[{"href":"https:\/\/larealidaddelaplata.com.ar\/index.php\/wp-json\/wp\/v2\/types\/post"}],"author":[{"embeddable":true,"href":"https:\/\/larealidaddelaplata.com.ar\/index.php\/wp-json\/wp\/v2\/users\/6"}],"replies":[{"embeddable":true,"href":"https:\/\/larealidaddelaplata.com.ar\/index.php\/wp-json\/wp\/v2\/comments?post=20942"}],"version-history":[{"count":0,"href":"https:\/\/larealidaddelaplata.com.ar\/index.php\/wp-json\/wp\/v2\/posts\/20942\/revisions"}],"wp:featuredmedia":[{"embeddable":true,"href":"https:\/\/larealidaddelaplata.com.ar\/index.php\/wp-json\/wp\/v2\/media\/20943"}],"wp:attachment":[{"href":"https:\/\/larealidaddelaplata.com.ar\/index.php\/wp-json\/wp\/v2\/media?parent=20942"}],"wp:term":[{"taxonomy":"category","embeddable":true,"href":"https:\/\/larealidaddelaplata.com.ar\/index.php\/wp-json\/wp\/v2\/categories?post=20942"},{"taxonomy":"post_tag","embeddable":true,"href":"https:\/\/larealidaddelaplata.com.ar\/index.php\/wp-json\/wp\/v2\/tags?post=20942"}],"curies":[{"name":"wp","href":"https:\/\/api.w.org\/{rel}","templated":true}]}}