{"id":20947,"date":"2022-05-31T19:23:55","date_gmt":"2022-05-31T22:23:55","guid":{"rendered":"https:\/\/larealidaddelaplata.com.ar\/?p=20947"},"modified":"2022-05-31T19:24:00","modified_gmt":"2022-05-31T22:24:00","slug":"ciclo-de-cine-mudo-y-musica-en-vivo-en-el-centro-cultural-islas-malvinas","status":"publish","type":"post","link":"https:\/\/larealidaddelaplata.com.ar\/index.php\/2022\/05\/31\/ciclo-de-cine-mudo-y-musica-en-vivo-en-el-centro-cultural-islas-malvinas\/","title":{"rendered":"Ciclo de cine mudo y m\u00fasica en vivo en el Centro Cultural Islas Malvinas"},"content":{"rendered":"\n<p>A trav\u00e9s de la Secretar\u00eda de Cultura y Educaci\u00f3n, el Municipio proyectar\u00e1 el film mudo \u201cB\u00e1rbara\u201d con m\u00fasica en vivo a cargo de \u201cCapella del Plata\u201d, que interpretar\u00e1 seis obras del barroco italiano. El evento tendr\u00e1 lugar el pr\u00f3ximo viernes a partir de las 20.30 horas en el centro cultural de Av. 19 y 51.\u00a0<\/p>\n\n\n\n<p>Inspirada en la obra de la compositora y cantante italiana del siglo XVII, B\u00e1rbara Strozzi, la propuesta de cine y m\u00fasica se desarrollar\u00e1 con entrada gratuita en el cine municipal EcoSelect del mencionado espacio.<\/p>\n\n\n\n<p>Seg\u00fan informaron, la m\u00fasica ser\u00e1 interpretada por Alejandra Claus y Franco Piacenza en violines, Mart\u00edn Z\u00e1rate en viola da gamba, Cecilia Angione en clave y Sergio Casanovas en tiorba; mientras que la direcci\u00f3n musical estar\u00e1 bajo el mando de Sergio Casanovas; y la actuaci\u00f3n y el canto del tenor Esteban Manzano.<\/p>\n\n\n\n<p>Cabe recordar que \u201cCapella del Plata\u201d es una agrupaci\u00f3n platense especializada en la m\u00fasica antigua, creada en 2007 por Sergio Casanovas, director, laudista y profesor egresado de la Facultad de Bellas Artes (UNLP); y por el tenor Esteban Manzano, egresado de la carrera de M\u00fasica Antigua en Koninklijk Conservatorium (La Haya, Holanda).<\/p>\n","protected":false},"excerpt":{"rendered":"<p>A trav\u00e9s de la Secretar\u00eda de Cultura y Educaci\u00f3n, el Municipio proyectar\u00e1 el film mudo \u201cB\u00e1rbara\u201d con m\u00fasica en vivo a cargo de \u201cCapella del Plata\u201d, que interpretar\u00e1 seis obras del barroco italiano. El evento tendr\u00e1 lugar el pr\u00f3ximo viernes a partir de las 20.30 horas en el centro cultural de Av. 19 y 51.\u00a0 Inspirada en la obra de la compositora y cantante italiana del siglo XVII, B\u00e1rbara Strozzi,&hellip;<\/p>\n","protected":false},"author":6,"featured_media":20948,"comment_status":"open","ping_status":"open","sticky":false,"template":"","format":"standard","meta":{"_acf_changed":false,"footnotes":""},"categories":[15,13],"tags":[21],"class_list":["post-20947","post","type-post","status-publish","format-standard","has-post-thumbnail","hentry","category-cultura","category-sociedad","tag-la-plata"],"acf":[],"aioseo_notices":[],"_links":{"self":[{"href":"https:\/\/larealidaddelaplata.com.ar\/index.php\/wp-json\/wp\/v2\/posts\/20947"}],"collection":[{"href":"https:\/\/larealidaddelaplata.com.ar\/index.php\/wp-json\/wp\/v2\/posts"}],"about":[{"href":"https:\/\/larealidaddelaplata.com.ar\/index.php\/wp-json\/wp\/v2\/types\/post"}],"author":[{"embeddable":true,"href":"https:\/\/larealidaddelaplata.com.ar\/index.php\/wp-json\/wp\/v2\/users\/6"}],"replies":[{"embeddable":true,"href":"https:\/\/larealidaddelaplata.com.ar\/index.php\/wp-json\/wp\/v2\/comments?post=20947"}],"version-history":[{"count":0,"href":"https:\/\/larealidaddelaplata.com.ar\/index.php\/wp-json\/wp\/v2\/posts\/20947\/revisions"}],"wp:featuredmedia":[{"embeddable":true,"href":"https:\/\/larealidaddelaplata.com.ar\/index.php\/wp-json\/wp\/v2\/media\/20948"}],"wp:attachment":[{"href":"https:\/\/larealidaddelaplata.com.ar\/index.php\/wp-json\/wp\/v2\/media?parent=20947"}],"wp:term":[{"taxonomy":"category","embeddable":true,"href":"https:\/\/larealidaddelaplata.com.ar\/index.php\/wp-json\/wp\/v2\/categories?post=20947"},{"taxonomy":"post_tag","embeddable":true,"href":"https:\/\/larealidaddelaplata.com.ar\/index.php\/wp-json\/wp\/v2\/tags?post=20947"}],"curies":[{"name":"wp","href":"https:\/\/api.w.org\/{rel}","templated":true}]}}