{"id":24477,"date":"2022-09-22T16:53:26","date_gmt":"2022-09-22T19:53:26","guid":{"rendered":"https:\/\/larealidaddelaplata.com.ar\/?p=24477"},"modified":"2022-09-22T16:53:32","modified_gmt":"2022-09-22T19:53:32","slug":"ensenada-un-cadaver-flotando-entre-embarcaciones-en-un-canal-del-rio-de-la-plata","status":"publish","type":"post","link":"https:\/\/larealidaddelaplata.com.ar\/index.php\/2022\/09\/22\/ensenada-un-cadaver-flotando-entre-embarcaciones-en-un-canal-del-rio-de-la-plata\/","title":{"rendered":"Ensenada: un cad\u00e1ver flotando entre embarcaciones en un canal del R\u00edo de La Plata"},"content":{"rendered":"\n<p>El Club N\u00e1utico de Ensenada se vio conmovido este jueves por la aparici\u00f3n del cad\u00e1ver de un hombre flotando en un canal. El parte oficial indica que el cuerpo estaba a la altura de la calle Francisco Cestino en el acceso a la insitutuci\u00f3n, en tanto se inform\u00f3 que se esperar\u00e1 a las conclusiones de la autopsia para avanzar en las hip\u00f3tesis de lo que pudo haber ocurrido.<\/p>\n\n\n\n<p>De acuerdo al parte policial, el llamado de alerta por el macabro hallazgo se produjo a las 13 y al arriba personal de la Polic\u00eda Cient\u00edfica, los Bomberos y de la Prefectura naval lo extrajeron. Si bien ahora se esperar\u00e1 la operaci\u00f3n de autopsia para avanzar en la investigaci\u00f3n de las causas de la muerte, en apariencia no presentaba lesiones que hicieran presumir de un homicidio.<\/p>\n\n\n\n<p>Por otro lado, fuentes policiales indicaron en funci\u00f3n de testimonios recogidos en el lugar, con asistentes al predio, se presume que la v\u00edctima atravesaba una crisis depresi\u00f3n debido a que hace poco m\u00e1s de un mes muri\u00f3 su esposa.<\/p>\n\n\n\n<p>Si bien no se descarta ninguna l\u00ednea de investigaci\u00f3n, la principal hip\u00f3tesis es por eso que el hombre habr\u00eda decidido quitarse la vida.<\/p>\n","protected":false},"excerpt":{"rendered":"<p>El Club N\u00e1utico de Ensenada se vio conmovido este jueves por la aparici\u00f3n del cad\u00e1ver de un hombre flotando en un canal. El parte oficial indica que el cuerpo estaba a la altura de la calle Francisco Cestino en el acceso a la insitutuci\u00f3n, en tanto se inform\u00f3 que se esperar\u00e1 a las conclusiones de la autopsia para avanzar en las hip\u00f3tesis de lo que pudo haber ocurrido. De acuerdo&hellip;<\/p>\n","protected":false},"author":4,"featured_media":24478,"comment_status":"open","ping_status":"open","sticky":false,"template":"","format":"standard","meta":{"_acf_changed":false,"footnotes":""},"categories":[8],"tags":[4156,44],"class_list":["post-24477","post","type-post","status-publish","format-standard","has-post-thumbnail","hentry","category-policiales","tag-cadaver-2","tag-ensenada"],"acf":[],"aioseo_notices":[],"_links":{"self":[{"href":"https:\/\/larealidaddelaplata.com.ar\/index.php\/wp-json\/wp\/v2\/posts\/24477"}],"collection":[{"href":"https:\/\/larealidaddelaplata.com.ar\/index.php\/wp-json\/wp\/v2\/posts"}],"about":[{"href":"https:\/\/larealidaddelaplata.com.ar\/index.php\/wp-json\/wp\/v2\/types\/post"}],"author":[{"embeddable":true,"href":"https:\/\/larealidaddelaplata.com.ar\/index.php\/wp-json\/wp\/v2\/users\/4"}],"replies":[{"embeddable":true,"href":"https:\/\/larealidaddelaplata.com.ar\/index.php\/wp-json\/wp\/v2\/comments?post=24477"}],"version-history":[{"count":2,"href":"https:\/\/larealidaddelaplata.com.ar\/index.php\/wp-json\/wp\/v2\/posts\/24477\/revisions"}],"predecessor-version":[{"id":24480,"href":"https:\/\/larealidaddelaplata.com.ar\/index.php\/wp-json\/wp\/v2\/posts\/24477\/revisions\/24480"}],"wp:featuredmedia":[{"embeddable":true,"href":"https:\/\/larealidaddelaplata.com.ar\/index.php\/wp-json\/wp\/v2\/media\/24478"}],"wp:attachment":[{"href":"https:\/\/larealidaddelaplata.com.ar\/index.php\/wp-json\/wp\/v2\/media?parent=24477"}],"wp:term":[{"taxonomy":"category","embeddable":true,"href":"https:\/\/larealidaddelaplata.com.ar\/index.php\/wp-json\/wp\/v2\/categories?post=24477"},{"taxonomy":"post_tag","embeddable":true,"href":"https:\/\/larealidaddelaplata.com.ar\/index.php\/wp-json\/wp\/v2\/tags?post=24477"}],"curies":[{"name":"wp","href":"https:\/\/api.w.org\/{rel}","templated":true}]}}