{"id":27645,"date":"2023-02-01T12:02:55","date_gmt":"2023-02-01T15:02:55","guid":{"rendered":"https:\/\/larealidaddelaplata.com.ar\/?p=27645"},"modified":"2023-02-01T12:03:01","modified_gmt":"2023-02-01T15:03:01","slug":"diputados-trabaja-en-regimen-simplificado-y-regimen-cambiario-para-pequenos-contribuyentes-tecnologicos","status":"publish","type":"post","link":"https:\/\/larealidaddelaplata.com.ar\/index.php\/2023\/02\/01\/diputados-trabaja-en-regimen-simplificado-y-regimen-cambiario-para-pequenos-contribuyentes-tecnologicos\/","title":{"rendered":"Diputados trabaja en R\u00e9gimen Simplificado y R\u00e9gimen Cambiario para peque\u00f1os contribuyentes tecnol\u00f3gicos"},"content":{"rendered":"\n<p>La Comisi\u00f3n de Presupuesto y Hacienda se re\u00fane para abordar el Mensaje N\u00b0 02\/2023 y proyecto de ley, de fecha 20 de enero de 2023, por el cual se establece un r\u00e9gimen simplificado para peque\u00f1os contribuyentes tecnol\u00f3gicos y un r\u00e9gimen cambiario para peque\u00f1os contribuyentes tecnol\u00f3gicos.<\/p>\n\n\n\n<p>Fueron invitados el Subsecretario de Financiamiento y Regulaci\u00f3n de la Econom\u00eda del Conocimiento, Cdor. Eduardo R. Kutner; Subsecretaria de Ingresos P\u00fablicos, Cdra. Claudia F. Balestrini y el titular de la Administraci\u00f3n Federal de Ingresos P\u00fablicos \u2013AFIP\u2013 , Cdor. Carlos Castagneto.<\/p>\n\n\n\n<p>La actividad se podr\u00e1 seguir en los siguientes links:<\/p>\n\n\n\n<figure class=\"wp-block-embed is-type-video is-provider-youtube wp-block-embed-youtube wp-embed-aspect-4-3 wp-has-aspect-ratio\"><div class=\"wp-block-embed__wrapper\">\n<iframe loading=\"lazy\" title=\"COMISI\u00d3N COMPLETA: 1 de febrero de 2023 - PRESUPUESTO Y HACIENDA - Diputados Argentina\" width=\"640\" height=\"360\" src=\"https:\/\/www.youtube.com\/embed\/njl-gN6hGcc?feature=oembed\" frameborder=\"0\" allow=\"accelerometer; autoplay; clipboard-write; encrypted-media; gyroscope; picture-in-picture; web-share\" referrerpolicy=\"strict-origin-when-cross-origin\" allowfullscreen><\/iframe>\n<\/div><\/figure>\n\n\n\n<p>En TV: Diputados TV<\/p>\n\n\n\n<p>En la web:&nbsp;<a href=\"http:\/\/dtv.diputados.gob.ar\/\">dtv.diputados.gob.ar<\/a><\/p>\n\n\n\n<p>YouTube:&nbsp;<a href=\"http:\/\/hcdn.tv\/\">Hcdn.tv<\/a><\/p>\n\n\n\n<p>FB: \/diputados.argentina<\/p>\n","protected":false},"excerpt":{"rendered":"<p>La Comisi\u00f3n de Presupuesto y Hacienda se re\u00fane para abordar el Mensaje N\u00b0 02\/2023 y proyecto de ley, de fecha 20 de enero de 2023, por el cual se establece un r\u00e9gimen simplificado para peque\u00f1os contribuyentes tecnol\u00f3gicos y un r\u00e9gimen cambiario para peque\u00f1os contribuyentes tecnol\u00f3gicos. Fueron invitados el Subsecretario de Financiamiento y Regulaci\u00f3n de la Econom\u00eda del Conocimiento, Cdor. Eduardo R. Kutner; Subsecretaria de Ingresos P\u00fablicos, Cdra. Claudia F. Balestrini&hellip;<\/p>\n","protected":false},"author":6,"featured_media":16048,"comment_status":"open","ping_status":"open","sticky":false,"template":"","format":"standard","meta":{"_acf_changed":false,"footnotes":""},"categories":[13],"tags":[668],"class_list":["post-27645","post","type-post","status-publish","format-standard","has-post-thumbnail","hentry","category-sociedad","tag-diputados"],"acf":[],"aioseo_notices":[],"_links":{"self":[{"href":"https:\/\/larealidaddelaplata.com.ar\/index.php\/wp-json\/wp\/v2\/posts\/27645"}],"collection":[{"href":"https:\/\/larealidaddelaplata.com.ar\/index.php\/wp-json\/wp\/v2\/posts"}],"about":[{"href":"https:\/\/larealidaddelaplata.com.ar\/index.php\/wp-json\/wp\/v2\/types\/post"}],"author":[{"embeddable":true,"href":"https:\/\/larealidaddelaplata.com.ar\/index.php\/wp-json\/wp\/v2\/users\/6"}],"replies":[{"embeddable":true,"href":"https:\/\/larealidaddelaplata.com.ar\/index.php\/wp-json\/wp\/v2\/comments?post=27645"}],"version-history":[{"count":2,"href":"https:\/\/larealidaddelaplata.com.ar\/index.php\/wp-json\/wp\/v2\/posts\/27645\/revisions"}],"predecessor-version":[{"id":27647,"href":"https:\/\/larealidaddelaplata.com.ar\/index.php\/wp-json\/wp\/v2\/posts\/27645\/revisions\/27647"}],"wp:featuredmedia":[{"embeddable":true,"href":"https:\/\/larealidaddelaplata.com.ar\/index.php\/wp-json\/wp\/v2\/media\/16048"}],"wp:attachment":[{"href":"https:\/\/larealidaddelaplata.com.ar\/index.php\/wp-json\/wp\/v2\/media?parent=27645"}],"wp:term":[{"taxonomy":"category","embeddable":true,"href":"https:\/\/larealidaddelaplata.com.ar\/index.php\/wp-json\/wp\/v2\/categories?post=27645"},{"taxonomy":"post_tag","embeddable":true,"href":"https:\/\/larealidaddelaplata.com.ar\/index.php\/wp-json\/wp\/v2\/tags?post=27645"}],"curies":[{"name":"wp","href":"https:\/\/api.w.org\/{rel}","templated":true}]}}