{"id":29467,"date":"2023-05-05T18:27:38","date_gmt":"2023-05-05T21:27:38","guid":{"rendered":"https:\/\/larealidaddelaplata.com.ar\/?p=29467"},"modified":"2023-05-05T18:31:01","modified_gmt":"2023-05-05T21:31:01","slug":"se-reprogramo-el-recital-de-la-delio-valdez-que-se-realizaria-por-el-cumpleanos-de-ensenada","status":"publish","type":"post","link":"https:\/\/larealidaddelaplata.com.ar\/index.php\/2023\/05\/05\/se-reprogramo-el-recital-de-la-delio-valdez-que-se-realizaria-por-el-cumpleanos-de-ensenada\/","title":{"rendered":"Se reprogram\u00f3 el recital de la Delio Valdez que se realizar\u00eda por el cumplea\u00f1os de Ensenada"},"content":{"rendered":"\n<p><br>En el marco de los festejos por el 222\u00b0 aniversario de la ciudad de Ensenada, se dio a conocer en las \u00faltimas horas la reprogramaci\u00f3n del recital que brindar\u00eda La Delio Valdez. Seg\u00fan se inform\u00f3, el show que iba a realizarse ma\u00f1ana se terminar\u00e1 llevando a cabo el pr\u00f3ximo 24 de mayo.<\/p>\n\n\n\n<p>Si bien a\u00fan no trascendieron los motivos del cambio de fecha del show, la modificaci\u00f3n se dio a<br>conocer a ra\u00edz de la instalaci\u00f3n de un cartel en uno de los accesos a la ciudad vecina, donde se<br>comunica la programaci\u00f3n del evento y su nueva fecha. <\/p>\n\n\n\n<figure class=\"wp-block-image size-full\"><img loading=\"lazy\" decoding=\"async\" width=\"526\" height=\"597\" src=\"https:\/\/larealidaddelaplata.com.ar\/wp-content\/uploads\/2023\/05\/image-1.png\" alt=\"\" class=\"wp-image-29471\" srcset=\"https:\/\/larealidaddelaplata.com.ar\/wp-content\/uploads\/2023\/05\/image-1.png 526w, https:\/\/larealidaddelaplata.com.ar\/wp-content\/uploads\/2023\/05\/image-1-264x300.png 264w\" sizes=\"(max-width: 526px) 100vw, 526px\" \/><\/figure>\n\n\n\n<p>En tanto, por lo pronto no se ha difundido m\u00e1s informaci\u00f3n con respecto a las otras actividades que<br>organiz\u00f3 el Muncipio de Mario Secco para el importante aniversario. En ese marco, el cronograma quedar\u00eda de la misma forma, exceptuando la participaci\u00f3n de la reconocida banda de cumbia. <\/p>\n\n\n\n<p>Por otro lado, siendo que hoy se decret\u00f3 asueto local, vale recordar que los servicios municipales de<br>la ciudad vecina tendr\u00e1n un funcionamiento especial, informaci\u00f3n a la que se puede acceder<br>ingresando en la siguiente nota. <\/p>\n","protected":false},"excerpt":{"rendered":"<p>En el marco de los festejos por el 222\u00b0 aniversario de la ciudad de Ensenada, se dio a conocer en las \u00faltimas horas la reprogramaci\u00f3n del recital que brindar\u00eda La Delio Valdez. Seg\u00fan se inform\u00f3, el show que iba a realizarse ma\u00f1ana se terminar\u00e1 llevando a cabo el pr\u00f3ximo 24 de mayo. Si bien a\u00fan no trascendieron los motivos del cambio de fecha del show, la modificaci\u00f3n se dio aconocer&hellip;<\/p>\n","protected":false},"author":3,"featured_media":29468,"comment_status":"open","ping_status":"open","sticky":false,"template":"","format":"standard","meta":{"_acf_changed":false,"footnotes":""},"categories":[5],"tags":[],"class_list":["post-29467","post","type-post","status-publish","format-standard","has-post-thumbnail","hentry","category-ensenada"],"acf":[],"aioseo_notices":[],"_links":{"self":[{"href":"https:\/\/larealidaddelaplata.com.ar\/index.php\/wp-json\/wp\/v2\/posts\/29467"}],"collection":[{"href":"https:\/\/larealidaddelaplata.com.ar\/index.php\/wp-json\/wp\/v2\/posts"}],"about":[{"href":"https:\/\/larealidaddelaplata.com.ar\/index.php\/wp-json\/wp\/v2\/types\/post"}],"author":[{"embeddable":true,"href":"https:\/\/larealidaddelaplata.com.ar\/index.php\/wp-json\/wp\/v2\/users\/3"}],"replies":[{"embeddable":true,"href":"https:\/\/larealidaddelaplata.com.ar\/index.php\/wp-json\/wp\/v2\/comments?post=29467"}],"version-history":[{"count":3,"href":"https:\/\/larealidaddelaplata.com.ar\/index.php\/wp-json\/wp\/v2\/posts\/29467\/revisions"}],"predecessor-version":[{"id":29472,"href":"https:\/\/larealidaddelaplata.com.ar\/index.php\/wp-json\/wp\/v2\/posts\/29467\/revisions\/29472"}],"wp:featuredmedia":[{"embeddable":true,"href":"https:\/\/larealidaddelaplata.com.ar\/index.php\/wp-json\/wp\/v2\/media\/29468"}],"wp:attachment":[{"href":"https:\/\/larealidaddelaplata.com.ar\/index.php\/wp-json\/wp\/v2\/media?parent=29467"}],"wp:term":[{"taxonomy":"category","embeddable":true,"href":"https:\/\/larealidaddelaplata.com.ar\/index.php\/wp-json\/wp\/v2\/categories?post=29467"},{"taxonomy":"post_tag","embeddable":true,"href":"https:\/\/larealidaddelaplata.com.ar\/index.php\/wp-json\/wp\/v2\/tags?post=29467"}],"curies":[{"name":"wp","href":"https:\/\/api.w.org\/{rel}","templated":true}]}}