{"id":2964,"date":"2020-09-21T20:15:59","date_gmt":"2020-09-21T23:15:59","guid":{"rendered":"http:\/\/larealidaddelaplata.com.ar\/?p=2964"},"modified":"2020-09-21T20:15:59","modified_gmt":"2020-09-21T23:15:59","slug":"murio-en-la-plata-un-enfermero-contagiado-de-coronavirus","status":"publish","type":"post","link":"https:\/\/larealidaddelaplata.com.ar\/index.php\/2020\/09\/21\/murio-en-la-plata-un-enfermero-contagiado-de-coronavirus\/","title":{"rendered":"Muri\u00f3 en La Plata un enfermero contagiado de coronavirus"},"content":{"rendered":"\n<p>Otro trabajador vinculado a la salud que estaba contagiado de coronavirus falleci\u00f3 en las \u00faltimas horas en la Ciudad. <\/p>\n\n\n\n<p>&#8220;Hoy nos toca despedir a un gran compa\u00f1ero de muchos a\u00f1os, Alvaro Villanueva, enfermero de Cl\u00ednica Mater Dei y Delegado Gremial de Cl\u00ednica Althea (ex Vacarini)&#8221;, lo despidieron desde la Asociaci\u00f3n de Trabajadores de la Sanidad Argentina (ATSA) La Plata. <\/p>\n\n\n\n<p>En el mensaje que se difundi\u00f3 en redes sociales, agregaron que &#8220;este compa\u00f1ero como otros tantos en el sistema de salud, estuvo dando batalla en las primeras filas desde el inicio del COVID-19 , hasta que contrajo la enfermedad y ah\u00ed empez\u00f3 su propia lucha hasta darlo todo.&#8221; <\/p>\n\n\n\n<p>&#8220;Nuestro Secretario General Pedro F. Borgini, Consejo Directivo, Cuerpo de Delegados, empleados de Ospsa \u2013 Atsa, Profesionales y la Agrupaci\u00f3n Azul y Blanca, acompa\u00f1an con profundo dolor a toda su familia&#8221;, finaliza.<\/p>\n\n\n\n<p>Cabe destacar que seg\u00fan la sala de situaci\u00f3n de COVID-19 del Ministerio de Salud bonaerense, en La Plata un 12.5% de los contagios totales corresponde a personal de Salud. <\/p>\n","protected":false},"excerpt":{"rendered":"<p>Otro trabajador vinculado a la salud que estaba contagiado de coronavirus falleci\u00f3 en las \u00faltimas horas en la Ciudad. &#8220;Hoy nos toca despedir a un gran compa\u00f1ero de muchos a\u00f1os, Alvaro Villanueva, enfermero de Cl\u00ednica Mater Dei y Delegado Gremial de Cl\u00ednica Althea (ex Vacarini)&#8221;, lo despidieron desde la Asociaci\u00f3n de Trabajadores de la Sanidad Argentina (ATSA) La Plata. En el mensaje que se difundi\u00f3 en redes sociales, agregaron que&hellip;<\/p>\n","protected":false},"author":5,"featured_media":2965,"comment_status":"open","ping_status":"open","sticky":false,"template":"","format":"standard","meta":{"_acf_changed":false,"footnotes":""},"categories":[2],"tags":[488,487,23,489],"class_list":["post-2964","post","type-post","status-publish","format-standard","has-post-thumbnail","hentry","category-provincia","tag-alvaro-villanueva","tag-atsa","tag-coronavirus","tag-salud"],"acf":[],"aioseo_notices":[],"_links":{"self":[{"href":"https:\/\/larealidaddelaplata.com.ar\/index.php\/wp-json\/wp\/v2\/posts\/2964"}],"collection":[{"href":"https:\/\/larealidaddelaplata.com.ar\/index.php\/wp-json\/wp\/v2\/posts"}],"about":[{"href":"https:\/\/larealidaddelaplata.com.ar\/index.php\/wp-json\/wp\/v2\/types\/post"}],"author":[{"embeddable":true,"href":"https:\/\/larealidaddelaplata.com.ar\/index.php\/wp-json\/wp\/v2\/users\/5"}],"replies":[{"embeddable":true,"href":"https:\/\/larealidaddelaplata.com.ar\/index.php\/wp-json\/wp\/v2\/comments?post=2964"}],"version-history":[{"count":0,"href":"https:\/\/larealidaddelaplata.com.ar\/index.php\/wp-json\/wp\/v2\/posts\/2964\/revisions"}],"wp:featuredmedia":[{"embeddable":true,"href":"https:\/\/larealidaddelaplata.com.ar\/index.php\/wp-json\/wp\/v2\/media\/2965"}],"wp:attachment":[{"href":"https:\/\/larealidaddelaplata.com.ar\/index.php\/wp-json\/wp\/v2\/media?parent=2964"}],"wp:term":[{"taxonomy":"category","embeddable":true,"href":"https:\/\/larealidaddelaplata.com.ar\/index.php\/wp-json\/wp\/v2\/categories?post=2964"},{"taxonomy":"post_tag","embeddable":true,"href":"https:\/\/larealidaddelaplata.com.ar\/index.php\/wp-json\/wp\/v2\/tags?post=2964"}],"curies":[{"name":"wp","href":"https:\/\/api.w.org\/{rel}","templated":true}]}}