{"id":32348,"date":"2023-10-21T20:10:10","date_gmt":"2023-10-21T23:10:10","guid":{"rendered":"https:\/\/larealidaddelaplata.com.ar\/?p=32348"},"modified":"2023-10-21T20:10:13","modified_gmt":"2023-10-21T23:10:13","slug":"berisso-llega-la-fiesta-de-la-corvina-en-kayak","status":"publish","type":"post","link":"https:\/\/larealidaddelaplata.com.ar\/index.php\/2023\/10\/21\/berisso-llega-la-fiesta-de-la-corvina-en-kayak\/","title":{"rendered":"Berisso: LLega la &#8220;Fiesta de la Corvina en Kayak&#8221;"},"content":{"rendered":"\n<p>El domingo 29 de octubre se vivir\u00e1 una nueva edici\u00f3n de la &#8220;Fiesta de la Corvina en Kayak 2023&#8221; y se realizar\u00e1 en el balneario La Balandra. El evento tendr\u00e1 importantes premios como la suma de $100.000 seg\u00fan la categor\u00eda.<\/p>\n\n\n\n<p>La organizaci\u00f3n indic\u00f3 que los ganadores de la disputa grupal se har\u00e1n con un premio de $100.000, mientras que quienes compitan de manera individual se har\u00e1n con un kayak Rocker Wave Fishing, en el caso de la categor\u00eda masculina; y un Kayak Shark, para la vencedora de la categor\u00eda femenina. Para inscribirse, los interesados deber\u00e1n enviar un correo electr\u00f3nico al mail bacotaskf@gmail.com y abonar $4.000 o bien abonar $5.000 el d\u00eda del evento.<\/p>\n\n\n\n<p>Todo la fiesta es organizada por el grupo Bacotas Kayak-Fishing con el apoyo del Municipio de Berisso, como as\u00ed tambi\u00e9n de Cecilia Paris, directora de la Direcci\u00f3n de Pesca de Berisso y la secretaria Nadia Bonessi y del Club de pesca &#8220;La Terraza&#8221; que estar\u00e1 colaborando con una lancha de apoyo.<\/p>\n\n\n\n<p>Las familias platenses y turistas presentes, podr\u00e1n disfrutar de diferentes puestos como la de artesanos, foodtrack y cerveceros. Se iniciar\u00e1 a las 10 de la ma\u00f1ana y a las 14 horas ser\u00e1 su cierre.<\/p>\n\n\n\n<p><\/p>\n\n\n\n<figure class=\"wp-block-image size-full\"><img loading=\"lazy\" decoding=\"async\" width=\"618\" height=\"798\" src=\"https:\/\/larealidaddelaplata.com.ar\/wp-content\/uploads\/2023\/10\/image-2.png\" alt=\"\" class=\"wp-image-32349\" srcset=\"https:\/\/larealidaddelaplata.com.ar\/wp-content\/uploads\/2023\/10\/image-2.png 618w, https:\/\/larealidaddelaplata.com.ar\/wp-content\/uploads\/2023\/10\/image-2-232x300.png 232w\" sizes=\"(max-width: 618px) 100vw, 618px\" \/><\/figure>\n\n\n\n<p><\/p>\n","protected":false},"excerpt":{"rendered":"<p>El domingo 29 de octubre se vivir\u00e1 una nueva edici\u00f3n de la &#8220;Fiesta de la Corvina en Kayak 2023&#8221; y se realizar\u00e1 en el balneario La Balandra. El evento tendr\u00e1 importantes premios como la suma de $100.000 seg\u00fan la categor\u00eda. La organizaci\u00f3n indic\u00f3 que los ganadores de la disputa grupal se har\u00e1n con un premio de $100.000, mientras que quienes compitan de manera individual se har\u00e1n con un kayak Rocker&hellip;<\/p>\n","protected":false},"author":2,"featured_media":32350,"comment_status":"open","ping_status":"open","sticky":false,"template":"","format":"standard","meta":{"_acf_changed":false,"footnotes":""},"categories":[13],"tags":[4945],"class_list":["post-32348","post","type-post","status-publish","format-standard","has-post-thumbnail","hentry","category-sociedad","tag-fiesta-de-la-corvina-en-kayak"],"acf":[],"aioseo_notices":[],"_links":{"self":[{"href":"https:\/\/larealidaddelaplata.com.ar\/index.php\/wp-json\/wp\/v2\/posts\/32348"}],"collection":[{"href":"https:\/\/larealidaddelaplata.com.ar\/index.php\/wp-json\/wp\/v2\/posts"}],"about":[{"href":"https:\/\/larealidaddelaplata.com.ar\/index.php\/wp-json\/wp\/v2\/types\/post"}],"author":[{"embeddable":true,"href":"https:\/\/larealidaddelaplata.com.ar\/index.php\/wp-json\/wp\/v2\/users\/2"}],"replies":[{"embeddable":true,"href":"https:\/\/larealidaddelaplata.com.ar\/index.php\/wp-json\/wp\/v2\/comments?post=32348"}],"version-history":[{"count":2,"href":"https:\/\/larealidaddelaplata.com.ar\/index.php\/wp-json\/wp\/v2\/posts\/32348\/revisions"}],"predecessor-version":[{"id":32352,"href":"https:\/\/larealidaddelaplata.com.ar\/index.php\/wp-json\/wp\/v2\/posts\/32348\/revisions\/32352"}],"wp:featuredmedia":[{"embeddable":true,"href":"https:\/\/larealidaddelaplata.com.ar\/index.php\/wp-json\/wp\/v2\/media\/32350"}],"wp:attachment":[{"href":"https:\/\/larealidaddelaplata.com.ar\/index.php\/wp-json\/wp\/v2\/media?parent=32348"}],"wp:term":[{"taxonomy":"category","embeddable":true,"href":"https:\/\/larealidaddelaplata.com.ar\/index.php\/wp-json\/wp\/v2\/categories?post=32348"},{"taxonomy":"post_tag","embeddable":true,"href":"https:\/\/larealidaddelaplata.com.ar\/index.php\/wp-json\/wp\/v2\/tags?post=32348"}],"curies":[{"name":"wp","href":"https:\/\/api.w.org\/{rel}","templated":true}]}}