{"id":32799,"date":"2023-11-19T17:47:38","date_gmt":"2023-11-19T20:47:38","guid":{"rendered":"https:\/\/larealidaddelaplata.com.ar\/?p=32799"},"modified":"2023-11-19T17:47:42","modified_gmt":"2023-11-19T20:47:42","slug":"melchor-romero-voto-vestido-de-superman-y-en-la-fila-le-pedian-foto","status":"publish","type":"post","link":"https:\/\/larealidaddelaplata.com.ar\/index.php\/2023\/11\/19\/melchor-romero-voto-vestido-de-superman-y-en-la-fila-le-pedian-foto\/","title":{"rendered":"Melchor Romero: Vot\u00f3 vestido de Superman y en la fila le ped\u00edan foto"},"content":{"rendered":"\n<p>Este domingo se define por ballotage qui\u00e9n ser\u00e1 el pr\u00f3ximo presidente de los argentinos, entre Sergio Massa (Uni\u00f3n por la Patria) y Javier Milei (La Libertad Avanza). En este marco, suele pasar que algunas personas va a votar vestidos o con alg\u00fan objeto para insuinar afinidad con su candidato o en rechazo de los mismos.<\/p>\n\n\n\n<p>En este caso, un votante lleg\u00f3 a sufragar a la Escuela Especial N\u00ba 529 de 173 y 521, de Melchor Romero, disfrazado de Superman y no pudo evitar que se le acercaran para pedirle una foto. Las autoridades de mesa le solicitaron que se quitara el traje para votar, ya que &#8220;era inflable&#8221; y eso no est\u00e1 permitido, a lo que el se\u00f1or accedi\u00f3 para luego pon\u00e9rselo nuevamente y continuar con las fotos.<\/p>\n\n\n\n<figure class=\"wp-block-image size-large\"><img loading=\"lazy\" decoding=\"async\" width=\"1024\" height=\"640\" src=\"https:\/\/larealidaddelaplata.com.ar\/wp-content\/uploads\/2023\/11\/image-1-1024x640.png\" alt=\"\" class=\"wp-image-32800\" srcset=\"https:\/\/larealidaddelaplata.com.ar\/wp-content\/uploads\/2023\/11\/image-1-1024x640.png 1024w, https:\/\/larealidaddelaplata.com.ar\/wp-content\/uploads\/2023\/11\/image-1-300x188.png 300w, https:\/\/larealidaddelaplata.com.ar\/wp-content\/uploads\/2023\/11\/image-1-768x480.png 768w, https:\/\/larealidaddelaplata.com.ar\/wp-content\/uploads\/2023\/11\/image-1.png 1400w\" sizes=\"(max-width: 1024px) 100vw, 1024px\" \/><\/figure>\n","protected":false},"excerpt":{"rendered":"<p>Este domingo se define por ballotage qui\u00e9n ser\u00e1 el pr\u00f3ximo presidente de los argentinos, entre Sergio Massa (Uni\u00f3n por la Patria) y Javier Milei (La Libertad Avanza). En este marco, suele pasar que algunas personas va a votar vestidos o con alg\u00fan objeto para insuinar afinidad con su candidato o en rechazo de los mismos. En este caso, un votante lleg\u00f3 a sufragar a la Escuela Especial N\u00ba 529 de&hellip;<\/p>\n","protected":false},"author":2,"featured_media":32801,"comment_status":"open","ping_status":"open","sticky":false,"template":"","format":"standard","meta":{"_acf_changed":false,"footnotes":""},"categories":[13],"tags":[4988],"class_list":["post-32799","post","type-post","status-publish","format-standard","has-post-thumbnail","hentry","category-sociedad","tag-ballotage"],"acf":[],"aioseo_notices":[],"_links":{"self":[{"href":"https:\/\/larealidaddelaplata.com.ar\/index.php\/wp-json\/wp\/v2\/posts\/32799"}],"collection":[{"href":"https:\/\/larealidaddelaplata.com.ar\/index.php\/wp-json\/wp\/v2\/posts"}],"about":[{"href":"https:\/\/larealidaddelaplata.com.ar\/index.php\/wp-json\/wp\/v2\/types\/post"}],"author":[{"embeddable":true,"href":"https:\/\/larealidaddelaplata.com.ar\/index.php\/wp-json\/wp\/v2\/users\/2"}],"replies":[{"embeddable":true,"href":"https:\/\/larealidaddelaplata.com.ar\/index.php\/wp-json\/wp\/v2\/comments?post=32799"}],"version-history":[{"count":2,"href":"https:\/\/larealidaddelaplata.com.ar\/index.php\/wp-json\/wp\/v2\/posts\/32799\/revisions"}],"predecessor-version":[{"id":32803,"href":"https:\/\/larealidaddelaplata.com.ar\/index.php\/wp-json\/wp\/v2\/posts\/32799\/revisions\/32803"}],"wp:featuredmedia":[{"embeddable":true,"href":"https:\/\/larealidaddelaplata.com.ar\/index.php\/wp-json\/wp\/v2\/media\/32801"}],"wp:attachment":[{"href":"https:\/\/larealidaddelaplata.com.ar\/index.php\/wp-json\/wp\/v2\/media?parent=32799"}],"wp:term":[{"taxonomy":"category","embeddable":true,"href":"https:\/\/larealidaddelaplata.com.ar\/index.php\/wp-json\/wp\/v2\/categories?post=32799"},{"taxonomy":"post_tag","embeddable":true,"href":"https:\/\/larealidaddelaplata.com.ar\/index.php\/wp-json\/wp\/v2\/tags?post=32799"}],"curies":[{"name":"wp","href":"https:\/\/api.w.org\/{rel}","templated":true}]}}