{"id":32888,"date":"2023-11-25T17:51:24","date_gmt":"2023-11-25T20:51:24","guid":{"rendered":"https:\/\/larealidaddelaplata.com.ar\/?p=32888"},"modified":"2023-11-25T17:51:27","modified_gmt":"2023-11-25T20:51:27","slug":"diego-maradona-el-recordatorio-de-familiares-a-3-anos-de-su-partida","status":"publish","type":"post","link":"https:\/\/larealidaddelaplata.com.ar\/index.php\/2023\/11\/25\/diego-maradona-el-recordatorio-de-familiares-a-3-anos-de-su-partida\/","title":{"rendered":"Diego Maradona: el recordatorio de familiares a 3 a\u00f1os de su partida"},"content":{"rendered":"\n<p>Este 25 de noviembre, se recuerda el tercer aniversario del fallecimiento de uno de los mayores \u00eddolos de los argentinos, el futbolista y campe\u00f3n de la Copa del Mundo, Diego Armando Maradona.<\/p>\n\n\n\n<p>Sus hijas, Dalma y Gianinnna, lo evidenciaron en sus redes, donde ambas recordaron a su pap\u00e1, aunque cada una a su manera.<\/p>\n\n\n\n<p>La menor de las hijas de Maradona con Claudia Villafa\u00f1e no public\u00f3 un mensaje personal pero s\u00ed opt\u00f3 por compartir historias y mensajes de gente cercana. Adem\u00e1s, hizo un recorrido por las distintas canciones que le han dedicado a su pap\u00e1, desde Rodrigo a Manu Chao.<\/p>\n\n\n\n<p>Dalma, que recientemente estren\u00f3 la serie La hija de Dios en Star +, opt\u00f3 por escribir unas palabras junto a una foto familiar: \u201cDicen que uno vuelve a los lugares donde fue feliz y estoy segura que nosotras fuimos eso para vos. \u00a1M\u00e1s all\u00e1 de todo!\u201d.<\/p>\n\n\n\n<p>\u201c\u00a1Te extra\u00f1o todos los d\u00edas de mi vida y te juro que vas a tener la justicia que te merec\u00e9s! Te amo\u201d, agreg\u00f3 la actriz, que en una imagen siguiente mostr\u00f3 la remera con la que tambi\u00e9n record\u00f3 a su pap\u00e1. \u201cTodos los d\u00edas as\u00ed\u201d, escribi\u00f3 junto a una selfie en la que se ve la estampa con una foto de Maradona en 1996, cuando se ti\u00f1\u00f3 una franja de su pelo de amarillo para simular los colores de Boca.<\/p>\n\n\n\n<figure class=\"wp-block-image size-full\"><img loading=\"lazy\" decoding=\"async\" width=\"1023\" height=\"910\" src=\"https:\/\/larealidaddelaplata.com.ar\/wp-content\/uploads\/2023\/11\/image-3.png\" alt=\"\" class=\"wp-image-32889\" srcset=\"https:\/\/larealidaddelaplata.com.ar\/wp-content\/uploads\/2023\/11\/image-3.png 1023w, https:\/\/larealidaddelaplata.com.ar\/wp-content\/uploads\/2023\/11\/image-3-300x267.png 300w, https:\/\/larealidaddelaplata.com.ar\/wp-content\/uploads\/2023\/11\/image-3-768x683.png 768w\" sizes=\"(max-width: 1023px) 100vw, 1023px\" \/><\/figure>\n","protected":false},"excerpt":{"rendered":"<p>Este 25 de noviembre, se recuerda el tercer aniversario del fallecimiento de uno de los mayores \u00eddolos de los argentinos, el futbolista y campe\u00f3n de la Copa del Mundo, Diego Armando Maradona. Sus hijas, Dalma y Gianinnna, lo evidenciaron en sus redes, donde ambas recordaron a su pap\u00e1, aunque cada una a su manera. La menor de las hijas de Maradona con Claudia Villafa\u00f1e no public\u00f3 un mensaje personal pero&hellip;<\/p>\n","protected":false},"author":2,"featured_media":32890,"comment_status":"open","ping_status":"open","sticky":false,"template":"","format":"standard","meta":{"_acf_changed":false,"footnotes":""},"categories":[13],"tags":[1894],"class_list":["post-32888","post","type-post","status-publish","format-standard","has-post-thumbnail","hentry","category-sociedad","tag-diego-armando-maradona"],"acf":[],"aioseo_notices":[],"_links":{"self":[{"href":"https:\/\/larealidaddelaplata.com.ar\/index.php\/wp-json\/wp\/v2\/posts\/32888"}],"collection":[{"href":"https:\/\/larealidaddelaplata.com.ar\/index.php\/wp-json\/wp\/v2\/posts"}],"about":[{"href":"https:\/\/larealidaddelaplata.com.ar\/index.php\/wp-json\/wp\/v2\/types\/post"}],"author":[{"embeddable":true,"href":"https:\/\/larealidaddelaplata.com.ar\/index.php\/wp-json\/wp\/v2\/users\/2"}],"replies":[{"embeddable":true,"href":"https:\/\/larealidaddelaplata.com.ar\/index.php\/wp-json\/wp\/v2\/comments?post=32888"}],"version-history":[{"count":2,"href":"https:\/\/larealidaddelaplata.com.ar\/index.php\/wp-json\/wp\/v2\/posts\/32888\/revisions"}],"predecessor-version":[{"id":32892,"href":"https:\/\/larealidaddelaplata.com.ar\/index.php\/wp-json\/wp\/v2\/posts\/32888\/revisions\/32892"}],"wp:featuredmedia":[{"embeddable":true,"href":"https:\/\/larealidaddelaplata.com.ar\/index.php\/wp-json\/wp\/v2\/media\/32890"}],"wp:attachment":[{"href":"https:\/\/larealidaddelaplata.com.ar\/index.php\/wp-json\/wp\/v2\/media?parent=32888"}],"wp:term":[{"taxonomy":"category","embeddable":true,"href":"https:\/\/larealidaddelaplata.com.ar\/index.php\/wp-json\/wp\/v2\/categories?post=32888"},{"taxonomy":"post_tag","embeddable":true,"href":"https:\/\/larealidaddelaplata.com.ar\/index.php\/wp-json\/wp\/v2\/tags?post=32888"}],"curies":[{"name":"wp","href":"https:\/\/api.w.org\/{rel}","templated":true}]}}