{"id":35357,"date":"2024-05-24T15:15:16","date_gmt":"2024-05-24T18:15:16","guid":{"rendered":"https:\/\/larealidaddelaplata.com.ar\/?p=35357"},"modified":"2024-05-24T15:15:20","modified_gmt":"2024-05-24T18:15:20","slug":"el-mercado-regional-renovo-su-lista-de-precios","status":"publish","type":"post","link":"https:\/\/larealidaddelaplata.com.ar\/index.php\/2024\/05\/24\/el-mercado-regional-renovo-su-lista-de-precios\/","title":{"rendered":"El Mercado Regional renov\u00f3 su lista de precios"},"content":{"rendered":"\n<p>El municipio difundi\u00f3 el nuevo\u00a0<strong>listado de\u00a0precios<\/strong>\u00a0que estar\u00e1 disponible hasta el 30 de mayo en el predio del\u00a0<strong>Mercado Regional<\/strong>\u00a0Minorista ubicado en calle 520 y 115. Habr\u00e1 descuentos en efectivo, con Cuenta DNI, Banco Naci\u00f3n y Tarjeta Naranja. Mir\u00e1 las promociones en verduler\u00eda, almac\u00e9n y carnicer\u00eda ac\u00e1.<\/p>\n\n\n\n<p><strong>El Mercado Regional de La Plata\u00a0<\/strong>se encuentra abierto de martes a s\u00e1bados de 8:00 a 16:00 y los domingos de 8:00 a 13:00, mientras que los d\u00edas lunes permanece cerrado.\u00a0<strong>Cabe destacar que durante el feriado del s\u00e1bado 25 de mayo abrir\u00e1 normalmente.<\/strong><\/p>\n\n\n\n<p>Seg\u00fan inform\u00f3 la Comuna, en la panader\u00eda de la nave 1 se podr\u00e1 conseguir el kilo de pan a $1.350, la docena de facturas a $1.800, el medio kilo de pan rallado a $1.080 y las dos prepizzas a $1.620. Cabe destacar que estos precios estar\u00e1n vigentes para el pago en efectivo.<\/p>\n\n\n\n<p>En la fiambrer\u00eda, en tanto, los vecinos y las vecinas tendr\u00e1n disponible el kilo de queso cremoso Belgrano a $5.800 y la horma a $4.900, los 100 gramos de paleta a $480, el sachet de leche Belgrano a $750, el pan lactal grande salvado y blanco a $2.200 y el ma\u00edz blanco partido a $2.200.<\/p>\n\n\n\n<p>Asimismo, en el \u00e1rea de productos de granja se ofrecer\u00e1 el kilo de pechito de cerdo a $3.300, el de bife de cerdo a $3.300, el de prefrito de pollo a $3.150 y las patitas de cerdo a $850.<\/p>\n\n\n\n<p>Adem\u00e1s, en el sector de congelados se podr\u00e1n conseguir el kilo de patitas de pollo m\u00e1s un kilo de medallones de pollo a $6.670, el kilo de medallones de merluza m\u00e1s bastones de merluza a $5.500, cuatro medallones de pollo m\u00e1s cuatro medallones de merluza m\u00e1s un paquete de papas de 700 gramos a $5.599, dos kilos de milanesas de pollo formadas a $7.760, el kilo de medall\u00f3n veggie a $3.480 y los dos kilos de medall\u00f3n veggie a $6.490.<\/p>\n\n\n\n<p>Adem\u00e1s, el kilo de frutas, verduras y rebozados Grupolar tienen un 10% de descuento llevando dos paquetes, un 15% de descuento llevando tres paquetes y un 20% de descuento llevando cuatro paquetes o m\u00e1s. En tanto, los viernes y s\u00e1bados hay un 25% de reintegro con Tarjeta Naranja.<\/p>\n\n\n\n<p>Asimismo, en el almac\u00e9n de la nave 2 se encontrar\u00e1 el repelente Off en aerosol de 170 mililitros a $7.120, aceite Natura de girasol de 1.5 litros a $2.770, el paquete de bizcochitos Don Satur variedades de 200 gramos a $620, el tomate triturado en botella Abeto de 910 gramos a $1.850 y el yogur La Seren\u00edsima cl\u00e1sico y light de un litro a $1.599.&nbsp;<\/p>\n\n\n\n<p>Por otro lado, en la verduler\u00eda el p\u00fablico podr\u00e1 adquirir la bolsa de papa a $4.500, el kilo de papa grande a $499, el kilo de banana a $800, el kilo de mandarina a $950, el de naranja ombligo para jugo a $499 y el maple de huevos a $2.999.&nbsp;<\/p>\n\n\n\n<p>Seg\u00fan se inform\u00f3, en el sector carnicer\u00eda se podr\u00e1 adquirir el kilo de bondiola de cerdo a $4.900 y el kilo de asado a $5.590.<\/p>\n\n\n\n<p>A su vez, en el sector de bebidas de la nave 3 se vender\u00e1 el vino Novecento Ra\u00edces Cabernet y Chardonnay a $1.600, el vino tinto Diagonales a $1.800, el champagne Mar\u00eda Codorni\u00fa a $2.800, la lata de cerveza Schneider de 473 mililitros a $950 y la lata de cerveza Imperial IPA de 473 mililitros a $980. Adem\u00e1s, los vecinos podr\u00e1n adquirir la gaseosa Manaos varios sabores de 2.25 litros a $1.100, el Gatorade varios sabores de 500 mililitros a $800, el Dr Lemon vodka de 473 mililitros a $900 y el Dr Lemon lim\u00f3n a $900.<\/p>\n\n\n\n<p>e recuerda que tanto en el almac\u00e9n de la nave 2 como en el sector de bebidas de la nave 3, los productos tienen descuentos del 20% de martes a viernes con Cuenta DNI con tope de reintegro mensual de $4.600 y del 30% los martes con la App Nave del Banco Galicia con tope de reintegro semanal de $5.000.<\/p>\n\n\n\n<p>Por otra parte, en el vivero de plantas del Mercado Regional La Plata se podr\u00e1n encontrar doce plantines de huerta de lechuga francesa, morada y criolla, cebollita de verdeo, puerro, br\u00f3coli, coliflor, kale, remolacha por $990.<\/p>\n\n\n\n<p>Adem\u00e1s, habr\u00e1 15% de descuento en efectivo en \u00e1rboles y frutales como lapacho rosado, liquidambar, \u00e1lamo piramidal, eucalipto, limonero cuatro estaciones, mandarina, lima de tahit\u00ed, pomelo rosado y durazno. Tambi\u00e9n hay \u00e1rboles, plantas de interior, plantas para cercos, tierra enriquecida, macetas y m\u00e1s.<\/p>\n","protected":false},"excerpt":{"rendered":"<p>El municipio difundi\u00f3 el nuevo\u00a0listado de\u00a0precios\u00a0que estar\u00e1 disponible hasta el 30 de mayo en el predio del\u00a0Mercado Regional\u00a0Minorista ubicado en calle 520 y 115. Habr\u00e1 descuentos en efectivo, con Cuenta DNI, Banco Naci\u00f3n y Tarjeta Naranja. Mir\u00e1 las promociones en verduler\u00eda, almac\u00e9n y carnicer\u00eda ac\u00e1. El Mercado Regional de La Plata\u00a0se encuentra abierto de martes a s\u00e1bados de 8:00 a 16:00 y los domingos de 8:00 a 13:00, mientras que&hellip;<\/p>\n","protected":false},"author":6,"featured_media":4757,"comment_status":"open","ping_status":"open","sticky":false,"template":"","format":"standard","meta":{"_acf_changed":false,"footnotes":""},"categories":[13],"tags":[],"class_list":["post-35357","post","type-post","status-publish","format-standard","has-post-thumbnail","hentry","category-sociedad"],"acf":[],"aioseo_notices":[],"_links":{"self":[{"href":"https:\/\/larealidaddelaplata.com.ar\/index.php\/wp-json\/wp\/v2\/posts\/35357"}],"collection":[{"href":"https:\/\/larealidaddelaplata.com.ar\/index.php\/wp-json\/wp\/v2\/posts"}],"about":[{"href":"https:\/\/larealidaddelaplata.com.ar\/index.php\/wp-json\/wp\/v2\/types\/post"}],"author":[{"embeddable":true,"href":"https:\/\/larealidaddelaplata.com.ar\/index.php\/wp-json\/wp\/v2\/users\/6"}],"replies":[{"embeddable":true,"href":"https:\/\/larealidaddelaplata.com.ar\/index.php\/wp-json\/wp\/v2\/comments?post=35357"}],"version-history":[{"count":2,"href":"https:\/\/larealidaddelaplata.com.ar\/index.php\/wp-json\/wp\/v2\/posts\/35357\/revisions"}],"predecessor-version":[{"id":35359,"href":"https:\/\/larealidaddelaplata.com.ar\/index.php\/wp-json\/wp\/v2\/posts\/35357\/revisions\/35359"}],"wp:featuredmedia":[{"embeddable":true,"href":"https:\/\/larealidaddelaplata.com.ar\/index.php\/wp-json\/wp\/v2\/media\/4757"}],"wp:attachment":[{"href":"https:\/\/larealidaddelaplata.com.ar\/index.php\/wp-json\/wp\/v2\/media?parent=35357"}],"wp:term":[{"taxonomy":"category","embeddable":true,"href":"https:\/\/larealidaddelaplata.com.ar\/index.php\/wp-json\/wp\/v2\/categories?post=35357"},{"taxonomy":"post_tag","embeddable":true,"href":"https:\/\/larealidaddelaplata.com.ar\/index.php\/wp-json\/wp\/v2\/tags?post=35357"}],"curies":[{"name":"wp","href":"https:\/\/api.w.org\/{rel}","templated":true}]}}