{"id":35360,"date":"2024-05-24T16:08:12","date_gmt":"2024-05-24T19:08:12","guid":{"rendered":"https:\/\/larealidaddelaplata.com.ar\/?p=35360"},"modified":"2024-05-24T16:08:16","modified_gmt":"2024-05-24T19:08:16","slug":"los-platenses-podran-tramitar-el-dni-en-las-delegaciones-municipales","status":"publish","type":"post","link":"https:\/\/larealidaddelaplata.com.ar\/index.php\/2024\/05\/24\/los-platenses-podran-tramitar-el-dni-en-las-delegaciones-municipales\/","title":{"rendered":"Los platenses podr\u00e1n tramitar el DNI en las delegaciones municipales"},"content":{"rendered":"\n<p>El intendente de La Plata, Julio Alak, y la Jefa de Asesores del gobernador Axel Kicillof, Cristina Alvarez Rodr\u00edguez, acordaron acciones de colaboraci\u00f3n y asistencia de gobierno que involucran la posibilidad de tramitar el DNI en aquellas delegaciones comunales donde pr\u00f3ximamente se abrir\u00e1n oficinas descentralizadas del Registro de las Personas.<\/p>\n\n\n\n<p>El eje del encuentro que los funcionarios mantuvieron este jueves en el Palacio Municipal fue la descentralizaci\u00f3n administrativa en los \u00e1mbitos de competencia de la Jefatura de Asesores y la Comuna, especialmente en relaci\u00f3n al Registro de las Personas dependiente de la \u00f3rbita provincial.<\/p>\n\n\n\n<p>Al respecto, Alak asegur\u00f3: &#8220;Tenemos la gran satisfacci\u00f3n de tener a Cristina en nuestro municipio. Hemos planificado dos acciones muy importantes: por un lado, la posibilidad que el Registro de las Personas haga operativos barriales en diferentes localidades que son muy positivas para nuestra comunidad, que asciende a 825 mil habitantes y tiene delegaciones municipales con mucha poblaci\u00f3n y pueblos muy alejados del casco urbano que les cuesta llegar hasta 1 y 60&#8221;.<\/p>\n\n\n\n<p>En ese sentido, agreg\u00f3 que tambi\u00e9n avanzar\u00e1n en &#8220;la posibilidad de establecer puestos permanentes del Registro Civil en distintas delegaciones&#8221;; y ratific\u00f3: &#8220;Es un salto enorme de servicios para nuestra ciudad en t\u00e9rminos de documentaci\u00f3n de identidad&#8221;.<\/p>\n\n\n\n<p>Por su parte, Alvarez Rodr\u00edguez afirm\u00f3: \u201cHemos decidido, por indicaci\u00f3n de nuestro gobernador Axel Kicillof, ampliar en La Plata la prestaci\u00f3n y el servicio que brinda el Registro Provincial de las Personas en distintos barrios de la ciudad para que los vecinos y vecinas puedan resolver sus tr\u00e1mites de una manera m\u00e1s \u00e1gil, sencilla y cerca de sus hogares. Junto a las y los intendentes seguimos trabajando para garantizar el derecho a la identidad\u201d.<\/p>\n\n\n\n<p>En esta primera etapa, las autoridades definieron la apertura de oficinas descentralizadas en las delegaciones de El Peligro, Parque Sicardi, \u00c1ngel Etcheverry y Jos\u00e9 Hern\u00e1ndez; y una en la Rep\u00fablica de los Ni\u00f1os, que funcionar\u00e1 los s\u00e1bados, domingos y d\u00edas festivos; y la reapertura de la oficina en la delegaci\u00f3n de Altos de San Lorenzo y del Centro de Documentaci\u00f3n R\u00e1pida (CDR).<\/p>\n\n\n\n<p>Finalmente, Julio Alak y Cristina Alvarez Rodr\u00edguez acordaron realizar cinco jornadas mensuales del Operativo Documentario en distintos barrios de la capital bonaerense para que las y los vecinos puedan renovar su DNI o pasaporte de manera m\u00e1s \u00e1gil, sencilla y cerca de su casa.<\/p>\n\n\n\n<p>Participaron de la reuni\u00f3n de trabajo la directora del Registro de las Personas, Silvina Ojeda; y el secretario General del Municipio, Norberto &#8220;Chucho&#8221; G\u00f3mez.<\/p>\n","protected":false},"excerpt":{"rendered":"<p>El intendente de La Plata, Julio Alak, y la Jefa de Asesores del gobernador Axel Kicillof, Cristina Alvarez Rodr\u00edguez, acordaron acciones de colaboraci\u00f3n y asistencia de gobierno que involucran la posibilidad de tramitar el DNI en aquellas delegaciones comunales donde pr\u00f3ximamente se abrir\u00e1n oficinas descentralizadas del Registro de las Personas. El eje del encuentro que los funcionarios mantuvieron este jueves en el Palacio Municipal fue la descentralizaci\u00f3n administrativa en los&hellip;<\/p>\n","protected":false},"author":2,"featured_media":35361,"comment_status":"open","ping_status":"open","sticky":false,"template":"","format":"standard","meta":{"_acf_changed":false,"footnotes":""},"categories":[13],"tags":[2412,5295],"class_list":["post-35360","post","type-post","status-publish","format-standard","has-post-thumbnail","hentry","category-sociedad","tag-dni","tag-registro-de-las-personas"],"acf":[],"aioseo_notices":[],"_links":{"self":[{"href":"https:\/\/larealidaddelaplata.com.ar\/index.php\/wp-json\/wp\/v2\/posts\/35360"}],"collection":[{"href":"https:\/\/larealidaddelaplata.com.ar\/index.php\/wp-json\/wp\/v2\/posts"}],"about":[{"href":"https:\/\/larealidaddelaplata.com.ar\/index.php\/wp-json\/wp\/v2\/types\/post"}],"author":[{"embeddable":true,"href":"https:\/\/larealidaddelaplata.com.ar\/index.php\/wp-json\/wp\/v2\/users\/2"}],"replies":[{"embeddable":true,"href":"https:\/\/larealidaddelaplata.com.ar\/index.php\/wp-json\/wp\/v2\/comments?post=35360"}],"version-history":[{"count":2,"href":"https:\/\/larealidaddelaplata.com.ar\/index.php\/wp-json\/wp\/v2\/posts\/35360\/revisions"}],"predecessor-version":[{"id":35363,"href":"https:\/\/larealidaddelaplata.com.ar\/index.php\/wp-json\/wp\/v2\/posts\/35360\/revisions\/35363"}],"wp:featuredmedia":[{"embeddable":true,"href":"https:\/\/larealidaddelaplata.com.ar\/index.php\/wp-json\/wp\/v2\/media\/35361"}],"wp:attachment":[{"href":"https:\/\/larealidaddelaplata.com.ar\/index.php\/wp-json\/wp\/v2\/media?parent=35360"}],"wp:term":[{"taxonomy":"category","embeddable":true,"href":"https:\/\/larealidaddelaplata.com.ar\/index.php\/wp-json\/wp\/v2\/categories?post=35360"},{"taxonomy":"post_tag","embeddable":true,"href":"https:\/\/larealidaddelaplata.com.ar\/index.php\/wp-json\/wp\/v2\/tags?post=35360"}],"curies":[{"name":"wp","href":"https:\/\/api.w.org\/{rel}","templated":true}]}}