{"id":3545,"date":"2020-10-21T15:13:56","date_gmt":"2020-10-21T18:13:56","guid":{"rendered":"http:\/\/larealidaddelaplata.com.ar\/?p=3545"},"modified":"2020-10-21T15:13:58","modified_gmt":"2020-10-21T18:13:58","slug":"papa-francisco-las-personas-homosexuales-tienen-derecho-a-estar-en-una-familia","status":"publish","type":"post","link":"https:\/\/larealidaddelaplata.com.ar\/index.php\/2020\/10\/21\/papa-francisco-las-personas-homosexuales-tienen-derecho-a-estar-en-una-familia\/","title":{"rendered":"Papa Francisco: &#8220;Las personas homosexuales tienen derecho a estar en una familia&#8221;"},"content":{"rendered":"\n<p>El papa Francisco renov\u00f3 el apoyo a la uni\u00f3n civil entre personas del mismo sexo y plante\u00f3 su respaldo a que haya una ley &#8220;de convivencia civil&#8221; para los gays.<\/p>\n\n\n\n<p>&#8220;Las personas homosexuales tienen derecho a estar en una familia, son hijos de Dios. No se puede echar de una familia a nadie, ni hacerle la vida imposible por eso&#8221;, plante\u00f3 el Papa en el documental &#8220;Francesco&#8221;, del director ruso Evgeny Afineevsky que estren\u00f3 21 de octubre en el Festival de Cine de Roma.<\/p>\n\n\n\n<p>&#8220;Lo que tenemos que hacer es una ley de convivencia civil, tienen derecho a estar cubiertos legalmente. Yo defend\u00ed eso&#8221;, se\u00f1al\u00f3 Jorge Bergoglio en el film que repasa varios ejes de su pontificado. <\/p>\n\n\n\n<p>\n\nEn 2018, el Papa ya hab\u00eda planteado una postura similar en un libro de entrevistas publicado por el soci\u00f3logo franc\u00e9s Dominique Wolton.<\/p>\n\n\n\n<p>&#8220;El matrimonio es la uni\u00f3n de un hombre con una mujer. Este es el t\u00e9rmino preciso. Llamemos a las uniones del mismo sexo &#8216;uni\u00f3n civil'&#8221;, hab\u00eda sostenido entonces el Papa.<\/p>\n\n\n\n<p>Antes, en 2013, d\u00edas despu\u00e9s de asumir su pontificado, Francisco ya hab\u00eda planteado tambi\u00e9n su apoyo a la uni\u00f3n civil en una llamada telef\u00f3nica que le hizo al te\u00f3logo Marcelo M\u00e1rquez.<\/p>\n\n\n\n<p>&#8220;Me dijo &#8216;estoy a favor de los derechos de los homosexuales y en cualquier caso, tambi\u00e9n apoyo las uniones civiles de los homosexuales, pero creo que Argentina no est\u00e1 lista para el matrimonio legal'&#8221;, dijo M\u00e1rquez entonces, sin ser desmentido por el Vaticano.\n\n<\/p>\n","protected":false},"excerpt":{"rendered":"<p>El papa Francisco renov\u00f3 el apoyo a la uni\u00f3n civil entre personas del mismo sexo y plante\u00f3 su respaldo a que haya una ley &#8220;de convivencia civil&#8221; para los gays. &#8220;Las personas homosexuales tienen derecho a estar en una familia, son hijos de Dios. No se puede echar de una familia a nadie, ni hacerle la vida imposible por eso&#8221;, plante\u00f3 el Papa en el documental &#8220;Francesco&#8221;, del director ruso&hellip;<\/p>\n","protected":false},"author":3,"featured_media":3548,"comment_status":"open","ping_status":"open","sticky":false,"template":"","format":"standard","meta":{"_acf_changed":false,"footnotes":""},"categories":[2],"tags":[620,619],"class_list":["post-3545","post","type-post","status-publish","format-standard","has-post-thumbnail","hentry","category-provincia","tag-homosexuales","tag-papa-francisco"],"acf":[],"aioseo_notices":[],"_links":{"self":[{"href":"https:\/\/larealidaddelaplata.com.ar\/index.php\/wp-json\/wp\/v2\/posts\/3545"}],"collection":[{"href":"https:\/\/larealidaddelaplata.com.ar\/index.php\/wp-json\/wp\/v2\/posts"}],"about":[{"href":"https:\/\/larealidaddelaplata.com.ar\/index.php\/wp-json\/wp\/v2\/types\/post"}],"author":[{"embeddable":true,"href":"https:\/\/larealidaddelaplata.com.ar\/index.php\/wp-json\/wp\/v2\/users\/3"}],"replies":[{"embeddable":true,"href":"https:\/\/larealidaddelaplata.com.ar\/index.php\/wp-json\/wp\/v2\/comments?post=3545"}],"version-history":[{"count":0,"href":"https:\/\/larealidaddelaplata.com.ar\/index.php\/wp-json\/wp\/v2\/posts\/3545\/revisions"}],"wp:featuredmedia":[{"embeddable":true,"href":"https:\/\/larealidaddelaplata.com.ar\/index.php\/wp-json\/wp\/v2\/media\/3548"}],"wp:attachment":[{"href":"https:\/\/larealidaddelaplata.com.ar\/index.php\/wp-json\/wp\/v2\/media?parent=3545"}],"wp:term":[{"taxonomy":"category","embeddable":true,"href":"https:\/\/larealidaddelaplata.com.ar\/index.php\/wp-json\/wp\/v2\/categories?post=3545"},{"taxonomy":"post_tag","embeddable":true,"href":"https:\/\/larealidaddelaplata.com.ar\/index.php\/wp-json\/wp\/v2\/tags?post=3545"}],"curies":[{"name":"wp","href":"https:\/\/api.w.org\/{rel}","templated":true}]}}