{"id":3670,"date":"2020-10-27T14:48:12","date_gmt":"2020-10-27T17:48:12","guid":{"rendered":"http:\/\/larealidaddelaplata.com.ar\/?p=3670"},"modified":"2020-10-27T14:48:14","modified_gmt":"2020-10-27T17:48:14","slug":"maradona-fue-aislado-por-contacto-estrecho","status":"publish","type":"post","link":"https:\/\/larealidaddelaplata.com.ar\/index.php\/2020\/10\/27\/maradona-fue-aislado-por-contacto-estrecho\/","title":{"rendered":"Maradona fue aislado por contacto estrecho"},"content":{"rendered":"\n<p>Diego Armando Maradona\u00a0fue aislado este martes (27 de octubre) de forma preventiva tras ser\u00a0contacto estrecho\u00a0de uno de sus custodios, quien\u00a0dio positivo de de coronavirus.<\/p>\n\n\n\n<p>El director t\u00e9cnico de\u00a0Gimnasia y Esgrima La Plata\u00a0debe\u00a0permanecer en aislamiento hasta que se le realice el hisopado correspondiente para corroborar que no se haya contagiado.<\/p>\n\n\n\n<p>Tras los resultados se evaluar\u00e1 si el DT puede dirigir el pr\u00f3ximo viernes 30 (adem\u00e1s, su cumplea\u00f1os) en el debut de Gimnasia en la Copa Liga Profesional, cuando \u201cEl lobo\u201d se enfrente a Patronato desde las 19 en \u201cEl Bosque\u201d. <\/p>\n\n\n\n<p>Diego Maradona pronto a cumplir los 60 a\u00f1os, es considerado paciente de riesgo, es la tercera vez que lo hisopan para controlar su estado de saludo. La \u00faltima, fue tras el encuentro con San Lorenzo, donde el delantero Contin contrajo el virus y por se lo hab\u00eda visto a los abrazos con &#8216;El Diegote&#8217;. <\/p>\n\n\n\n<p>\u201cHoy sal\u00ed de mi casa con esta m\u00e1scara, que me recomend\u00f3 el doc. Es la misma que usan algunos m\u00e9dicos. Lo hice por obligaci\u00f3n, y por respeto a todos los fallecidos por COVID. Y me encontr\u00e9 con algunas burlas, de grandes, de chicos, y de algunos periodistas\u201d, hab\u00eda remarcado Diego en su cuenta de Instagram tras el partido con &#8220;El Cuervo&#8221;.<\/p>\n","protected":false},"excerpt":{"rendered":"<p>Diego Armando Maradona\u00a0fue aislado este martes (27 de octubre) de forma preventiva tras ser\u00a0contacto estrecho\u00a0de uno de sus custodios, quien\u00a0dio positivo de de coronavirus. El director t\u00e9cnico de\u00a0Gimnasia y Esgrima La Plata\u00a0debe\u00a0permanecer en aislamiento hasta que se le realice el hisopado correspondiente para corroborar que no se haya contagiado. Tras los resultados se evaluar\u00e1 si el DT puede dirigir el pr\u00f3ximo viernes 30 (adem\u00e1s, su cumplea\u00f1os) en el debut de&hellip;<\/p>\n","protected":false},"author":3,"featured_media":2714,"comment_status":"open","ping_status":"open","sticky":false,"template":"","format":"standard","meta":{"_acf_changed":false,"footnotes":""},"categories":[2],"tags":[23,421,27,224],"class_list":["post-3670","post","type-post","status-publish","format-standard","has-post-thumbnail","hentry","category-provincia","tag-coronavirus","tag-gimnasia-y-esgrima-de-la-plata","tag-lobo","tag-maradona"],"acf":[],"aioseo_notices":[],"_links":{"self":[{"href":"https:\/\/larealidaddelaplata.com.ar\/index.php\/wp-json\/wp\/v2\/posts\/3670"}],"collection":[{"href":"https:\/\/larealidaddelaplata.com.ar\/index.php\/wp-json\/wp\/v2\/posts"}],"about":[{"href":"https:\/\/larealidaddelaplata.com.ar\/index.php\/wp-json\/wp\/v2\/types\/post"}],"author":[{"embeddable":true,"href":"https:\/\/larealidaddelaplata.com.ar\/index.php\/wp-json\/wp\/v2\/users\/3"}],"replies":[{"embeddable":true,"href":"https:\/\/larealidaddelaplata.com.ar\/index.php\/wp-json\/wp\/v2\/comments?post=3670"}],"version-history":[{"count":0,"href":"https:\/\/larealidaddelaplata.com.ar\/index.php\/wp-json\/wp\/v2\/posts\/3670\/revisions"}],"wp:featuredmedia":[{"embeddable":true,"href":"https:\/\/larealidaddelaplata.com.ar\/index.php\/wp-json\/wp\/v2\/media\/2714"}],"wp:attachment":[{"href":"https:\/\/larealidaddelaplata.com.ar\/index.php\/wp-json\/wp\/v2\/media?parent=3670"}],"wp:term":[{"taxonomy":"category","embeddable":true,"href":"https:\/\/larealidaddelaplata.com.ar\/index.php\/wp-json\/wp\/v2\/categories?post=3670"},{"taxonomy":"post_tag","embeddable":true,"href":"https:\/\/larealidaddelaplata.com.ar\/index.php\/wp-json\/wp\/v2\/tags?post=3670"}],"curies":[{"name":"wp","href":"https:\/\/api.w.org\/{rel}","templated":true}]}}