{"id":36817,"date":"2024-09-09T14:30:16","date_gmt":"2024-09-09T17:30:16","guid":{"rendered":"https:\/\/larealidaddelaplata.com.ar\/?p=36817"},"modified":"2024-09-09T14:30:19","modified_gmt":"2024-09-09T17:30:19","slug":"emiten-alerta-violeta-en-la-region-por-humo-proveniente-de-los-incendios-forestales-en-el-amazonas","status":"publish","type":"post","link":"https:\/\/larealidaddelaplata.com.ar\/index.php\/2024\/09\/09\/emiten-alerta-violeta-en-la-region-por-humo-proveniente-de-los-incendios-forestales-en-el-amazonas\/","title":{"rendered":"Emiten alerta violeta en la regi\u00f3n por  humo\u00a0proveniente de los incendios forestales en el Amazonas"},"content":{"rendered":"\n<p><br>El&nbsp;<strong>Servicio Meteorol\u00f3gico Nacional<\/strong>&nbsp;(SMN) emiti\u00f3 una&nbsp;alerta violeta que alcanza a una decena de provincias argentinas por la llegada de humo&nbsp;proveniente de los incendios forestales desatados en gran parte del Amazonas y Bolivia.<\/p>\n\n\n\n<p>El humo avanza hacia el centro del pa\u00eds por la direcci\u00f3n del viento y ya lleg\u00f3 al \u00c1rea Metropolitana de Buenos Aires (AMBA). Las provincias m\u00e1s afectadas, en principio, son Misiones, Corrientes, Formosa, Santiago del Estero y Chaco, as\u00ed como partes de Jujuy, Salta, Catamarca, Santa Fe y Tucum\u00e1n. Pero tambi\u00e9n C\u00f3rdoba, Entre R\u00edos y Buenos Aires sufrir\u00e1n los efectos del fen\u00f3meno durante los pr\u00f3ximos d\u00edas.<\/p>\n\n\n\n<p>Un informe para el sitio\u00a0<strong><a href=\"http:\/\/www.meteored.com.ar\/\">Meteored<\/a><\/strong>\u00a0explic\u00f3 que \u201clos pron\u00f3sticos indican que las condiciones de humo se mantendr\u00e1n al menos hasta el pr\u00f3ximo mi\u00e9rcoles 11 de septiembre\u201d, ya que, en esa fecha, \u201cllegar\u00e1 un frente fr\u00edo desde el sur generar\u00e1 una rotaci\u00f3n del viento, que permitir\u00e1 el ingreso de aire m\u00e1s limpio desde la Patagonia a toda la regi\u00f3n\u201d.<\/p>\n\n\n\n<blockquote class=\"twitter-tweet\"><p lang=\"es\" dir=\"ltr\">Aviso 21:00 hs&gt; La circulaci\u00f3n de vientos en niveles bajos, prevista para este lunes y martes, traer\u00e1 el humo generado por los incendios en Brasil y Bolivia hacia el centro y norte de Argentina, alcanzando a La Plata. Por lo tanto, es probable que la visibilidad se vea reducida. <a href=\"https:\/\/t.co\/vps2iKfhSG\">pic.twitter.com\/vps2iKfhSG<\/a><\/p>&mdash; Clima La Plata (@ClimaMLP) <a href=\"https:\/\/twitter.com\/ClimaMLP\/status\/1832934857032319189?ref_src=twsrc%5Etfw\">September 9, 2024<\/a><\/blockquote> <script async src=\"https:\/\/platform.twitter.com\/widgets.js\" charset=\"utf-8\"><\/script>\n\n\n\n<p>La presencia de humo genera problemas en la calidad del aire, en la visibilidad al conducir y causa efectos en al\u00e9rgicos, asm\u00e1ticos y personas con enfermedades respiratorias cr\u00f3nicas.<\/p>\n\n\n\n<p>Ante irritaci\u00f3n en los ojos, congesti\u00f3n nasal o bronquial, picaz\u00f3n en la garganta o tos seca, se aconseja recurrir al m\u00e9dico. En caso de contar con un tratamiento prescripto para momentos cr\u00edticos, se recomienda tener la medicaci\u00f3n al alcance.<\/p>\n\n\n\n<p>Vale destacar que la Organizaci\u00f3n Mundial de la Salud (OMS) asegura que&nbsp;<strong>la contaminaci\u00f3n del aire es uno de los mayores riesgos ambientales que existen para la salud.<\/strong>&nbsp;<\/p>\n","protected":false},"excerpt":{"rendered":"<p>El&nbsp;Servicio Meteorol\u00f3gico Nacional&nbsp;(SMN) emiti\u00f3 una&nbsp;alerta violeta que alcanza a una decena de provincias argentinas por la llegada de humo&nbsp;proveniente de los incendios forestales desatados en gran parte del Amazonas y Bolivia. El humo avanza hacia el centro del pa\u00eds por la direcci\u00f3n del viento y ya lleg\u00f3 al \u00c1rea Metropolitana de Buenos Aires (AMBA). Las provincias m\u00e1s afectadas, en principio, son Misiones, Corrientes, Formosa, Santiago del Estero y Chaco, as\u00ed&hellip;<\/p>\n","protected":false},"author":3,"featured_media":36818,"comment_status":"open","ping_status":"open","sticky":false,"template":"","format":"standard","meta":{"_acf_changed":false,"footnotes":""},"categories":[3],"tags":[21,115],"class_list":["post-36817","post","type-post","status-publish","format-standard","has-post-thumbnail","hentry","category-la-plata","tag-la-plata","tag-municipalidad-de-la-plata"],"acf":[],"aioseo_notices":[],"_links":{"self":[{"href":"https:\/\/larealidaddelaplata.com.ar\/index.php\/wp-json\/wp\/v2\/posts\/36817"}],"collection":[{"href":"https:\/\/larealidaddelaplata.com.ar\/index.php\/wp-json\/wp\/v2\/posts"}],"about":[{"href":"https:\/\/larealidaddelaplata.com.ar\/index.php\/wp-json\/wp\/v2\/types\/post"}],"author":[{"embeddable":true,"href":"https:\/\/larealidaddelaplata.com.ar\/index.php\/wp-json\/wp\/v2\/users\/3"}],"replies":[{"embeddable":true,"href":"https:\/\/larealidaddelaplata.com.ar\/index.php\/wp-json\/wp\/v2\/comments?post=36817"}],"version-history":[{"count":2,"href":"https:\/\/larealidaddelaplata.com.ar\/index.php\/wp-json\/wp\/v2\/posts\/36817\/revisions"}],"predecessor-version":[{"id":36820,"href":"https:\/\/larealidaddelaplata.com.ar\/index.php\/wp-json\/wp\/v2\/posts\/36817\/revisions\/36820"}],"wp:featuredmedia":[{"embeddable":true,"href":"https:\/\/larealidaddelaplata.com.ar\/index.php\/wp-json\/wp\/v2\/media\/36818"}],"wp:attachment":[{"href":"https:\/\/larealidaddelaplata.com.ar\/index.php\/wp-json\/wp\/v2\/media?parent=36817"}],"wp:term":[{"taxonomy":"category","embeddable":true,"href":"https:\/\/larealidaddelaplata.com.ar\/index.php\/wp-json\/wp\/v2\/categories?post=36817"},{"taxonomy":"post_tag","embeddable":true,"href":"https:\/\/larealidaddelaplata.com.ar\/index.php\/wp-json\/wp\/v2\/tags?post=36817"}],"curies":[{"name":"wp","href":"https:\/\/api.w.org\/{rel}","templated":true}]}}