{"id":37196,"date":"2024-10-12T19:43:59","date_gmt":"2024-10-12T22:43:59","guid":{"rendered":"https:\/\/larealidaddelaplata.com.ar\/?p=37196"},"modified":"2024-10-12T19:44:04","modified_gmt":"2024-10-12T22:44:04","slug":"continua-la-busqueda-de-un-joven-de-15-anos-que-desaparecio-en-los-hornos","status":"publish","type":"post","link":"https:\/\/larealidaddelaplata.com.ar\/index.php\/2024\/10\/12\/continua-la-busqueda-de-un-joven-de-15-anos-que-desaparecio-en-los-hornos\/","title":{"rendered":"Contin\u00faa la b\u00fasqueda de un joven de 15 a\u00f1os que desapareci\u00f3 en Los Hornos"},"content":{"rendered":"\n<p>Un chico de 15 a\u00f1os desapareci\u00f3 hace tres d\u00edas en La Plata, su familia lo busca con desesperaci\u00f3n y tiene una sospecha.<\/p>\n\n\n\n<p>Se trata de \u00c1ngel Accomando, de Los Hornos. Alrededor de las 19 horas del mi\u00e9rcoles discuti\u00f3 con su pap\u00e1, se fue su casa y se perdi\u00f3 todo tipo de comunicaci\u00f3n.<\/p>\n\n\n\n<p>Al momento de la desaparici\u00f3n llevaba una mochila, una gorra negra, un pantal\u00f3n de algod\u00f3n azul, una campera rompeviento azul y gris claro, y zapatillas grises.<\/p>\n\n\n\n<p>En este marco su familia sospecha que el menor podr\u00eda haberse ido con su hermana, quien supuestamente vive en un refugio. &#8220;M\u00e1s horas pasan y es peor para \u00e9l&#8221;, indicaron.<\/p>\n\n\n\n<p>Ante cualquier informaci\u00f3n, pidieron comunicarse a trav\u00e9s de los siguientes n\u00fameros: 2215446502 y 2213000550. <\/p>\n","protected":false},"excerpt":{"rendered":"<p>Un chico de 15 a\u00f1os desapareci\u00f3 hace tres d\u00edas en La Plata, su familia lo busca con desesperaci\u00f3n y tiene una sospecha. Se trata de \u00c1ngel Accomando, de Los Hornos. Alrededor de las 19 horas del mi\u00e9rcoles discuti\u00f3 con su pap\u00e1, se fue su casa y se perdi\u00f3 todo tipo de comunicaci\u00f3n. Al momento de la desaparici\u00f3n llevaba una mochila, una gorra negra, un pantal\u00f3n de algod\u00f3n azul, una campera&hellip;<\/p>\n","protected":false},"author":2,"featured_media":37197,"comment_status":"open","ping_status":"open","sticky":false,"template":"","format":"standard","meta":{"_acf_changed":false,"footnotes":""},"categories":[13],"tags":[3119],"class_list":["post-37196","post","type-post","status-publish","format-standard","has-post-thumbnail","hentry","category-sociedad","tag-desaparicion"],"acf":[],"aioseo_notices":[],"_links":{"self":[{"href":"https:\/\/larealidaddelaplata.com.ar\/index.php\/wp-json\/wp\/v2\/posts\/37196"}],"collection":[{"href":"https:\/\/larealidaddelaplata.com.ar\/index.php\/wp-json\/wp\/v2\/posts"}],"about":[{"href":"https:\/\/larealidaddelaplata.com.ar\/index.php\/wp-json\/wp\/v2\/types\/post"}],"author":[{"embeddable":true,"href":"https:\/\/larealidaddelaplata.com.ar\/index.php\/wp-json\/wp\/v2\/users\/2"}],"replies":[{"embeddable":true,"href":"https:\/\/larealidaddelaplata.com.ar\/index.php\/wp-json\/wp\/v2\/comments?post=37196"}],"version-history":[{"count":1,"href":"https:\/\/larealidaddelaplata.com.ar\/index.php\/wp-json\/wp\/v2\/posts\/37196\/revisions"}],"predecessor-version":[{"id":37198,"href":"https:\/\/larealidaddelaplata.com.ar\/index.php\/wp-json\/wp\/v2\/posts\/37196\/revisions\/37198"}],"wp:featuredmedia":[{"embeddable":true,"href":"https:\/\/larealidaddelaplata.com.ar\/index.php\/wp-json\/wp\/v2\/media\/37197"}],"wp:attachment":[{"href":"https:\/\/larealidaddelaplata.com.ar\/index.php\/wp-json\/wp\/v2\/media?parent=37196"}],"wp:term":[{"taxonomy":"category","embeddable":true,"href":"https:\/\/larealidaddelaplata.com.ar\/index.php\/wp-json\/wp\/v2\/categories?post=37196"},{"taxonomy":"post_tag","embeddable":true,"href":"https:\/\/larealidaddelaplata.com.ar\/index.php\/wp-json\/wp\/v2\/tags?post=37196"}],"curies":[{"name":"wp","href":"https:\/\/api.w.org\/{rel}","templated":true}]}}