{"id":37204,"date":"2024-10-13T15:58:04","date_gmt":"2024-10-13T18:58:04","guid":{"rendered":"https:\/\/larealidaddelaplata.com.ar\/?p=37204"},"modified":"2024-10-13T15:58:09","modified_gmt":"2024-10-13T18:58:09","slug":"taxistas-realizaran-un-paro-en-contra-del-transporte-ilegal","status":"publish","type":"post","link":"https:\/\/larealidaddelaplata.com.ar\/index.php\/2024\/10\/13\/taxistas-realizaran-un-paro-en-contra-del-transporte-ilegal\/","title":{"rendered":"Taxistas realizar\u00e1n un paro en contra del transporte ilegal"},"content":{"rendered":"\n<p>Con la intenci\u00f3n de exigir la erradicaci\u00f3n del transporte ilegal en La Plata, una agrupaci\u00f3n de taxistas anunci\u00f3 que llevar\u00e1 adelante un paro la pr\u00f3xima semana en la capital bonaerense.<\/p>\n\n\n\n<p>Se trata de la Asociaci\u00f3n de Conductores de Taxi &#8220;General Jos\u00e9 de San Mart\u00edn&#8221;, quienes difundieron un comunicado para informar la medida de fuerza y convocar a otros sectores de taxistas.<\/p>\n\n\n\n<p>De esta manera, confirmaron que el pr\u00f3ximo martes, 15 de octubre, la huelga contemplar\u00e1 una marcha hacia el Palacio Municipal, en calle 12 y 51, para exigir mayores controles sobre los veh\u00edculos que trabajan con las aplicaciones Uber, Didi y Cabify.<\/p>\n\n\n\n<p>Seg\u00fan explicaron en el anuncio, \u201cla falta de control y regulaci\u00f3n por parte del Municipio est\u00e1 permitiendo que veh\u00edculos no autorizados operen en la ciudad\u201d. Los conductores se concentrar\u00e1n en calles 4 y 42 a partir de las 10:00 de la ma\u00f1ana, para luego movilizarse a la Municipalidad.<\/p>\n\n\n\n<p>En ese contexto, har\u00e1n entrega de un petitorio al intendente Julio Alak, en el que denuncian una fuerte competencia desleal, entre otros puntos, lo que genera importantes p\u00e9rdidas econ\u00f3micas para quienes trabajan dentro de la legalidad.<\/p>\n\n\n\n<p>Si bien se espera que otras agrupaciones se sumen a la protesta, el Sindicato de Peones de Taxis, por su parte, adelant\u00f3, seg\u00fan el portal 0221, que no se plegar\u00e1n al paro.<\/p>\n","protected":false},"excerpt":{"rendered":"<p>Con la intenci\u00f3n de exigir la erradicaci\u00f3n del transporte ilegal en La Plata, una agrupaci\u00f3n de taxistas anunci\u00f3 que llevar\u00e1 adelante un paro la pr\u00f3xima semana en la capital bonaerense. Se trata de la Asociaci\u00f3n de Conductores de Taxi &#8220;General Jos\u00e9 de San Mart\u00edn&#8221;, quienes difundieron un comunicado para informar la medida de fuerza y convocar a otros sectores de taxistas. De esta manera, confirmaron que el pr\u00f3ximo martes, 15&hellip;<\/p>\n","protected":false},"author":2,"featured_media":37205,"comment_status":"open","ping_status":"open","sticky":false,"template":"","format":"standard","meta":{"_acf_changed":false,"footnotes":""},"categories":[13],"tags":[439,2341],"class_list":["post-37204","post","type-post","status-publish","format-standard","has-post-thumbnail","hentry","category-sociedad","tag-paro","tag-taxistas"],"acf":[],"aioseo_notices":[],"_links":{"self":[{"href":"https:\/\/larealidaddelaplata.com.ar\/index.php\/wp-json\/wp\/v2\/posts\/37204"}],"collection":[{"href":"https:\/\/larealidaddelaplata.com.ar\/index.php\/wp-json\/wp\/v2\/posts"}],"about":[{"href":"https:\/\/larealidaddelaplata.com.ar\/index.php\/wp-json\/wp\/v2\/types\/post"}],"author":[{"embeddable":true,"href":"https:\/\/larealidaddelaplata.com.ar\/index.php\/wp-json\/wp\/v2\/users\/2"}],"replies":[{"embeddable":true,"href":"https:\/\/larealidaddelaplata.com.ar\/index.php\/wp-json\/wp\/v2\/comments?post=37204"}],"version-history":[{"count":1,"href":"https:\/\/larealidaddelaplata.com.ar\/index.php\/wp-json\/wp\/v2\/posts\/37204\/revisions"}],"predecessor-version":[{"id":37206,"href":"https:\/\/larealidaddelaplata.com.ar\/index.php\/wp-json\/wp\/v2\/posts\/37204\/revisions\/37206"}],"wp:featuredmedia":[{"embeddable":true,"href":"https:\/\/larealidaddelaplata.com.ar\/index.php\/wp-json\/wp\/v2\/media\/37205"}],"wp:attachment":[{"href":"https:\/\/larealidaddelaplata.com.ar\/index.php\/wp-json\/wp\/v2\/media?parent=37204"}],"wp:term":[{"taxonomy":"category","embeddable":true,"href":"https:\/\/larealidaddelaplata.com.ar\/index.php\/wp-json\/wp\/v2\/categories?post=37204"},{"taxonomy":"post_tag","embeddable":true,"href":"https:\/\/larealidaddelaplata.com.ar\/index.php\/wp-json\/wp\/v2\/tags?post=37204"}],"curies":[{"name":"wp","href":"https:\/\/api.w.org\/{rel}","templated":true}]}}