{"id":37208,"date":"2024-10-13T16:02:53","date_gmt":"2024-10-13T19:02:53","guid":{"rendered":"https:\/\/larealidaddelaplata.com.ar\/?p=37208"},"modified":"2024-10-13T16:02:58","modified_gmt":"2024-10-13T19:02:58","slug":"muere-estudiante-platense-en-viaje-de-egresados","status":"publish","type":"post","link":"https:\/\/larealidaddelaplata.com.ar\/index.php\/2024\/10\/13\/muere-estudiante-platense-en-viaje-de-egresados\/","title":{"rendered":"Muere estudiante platense en viaje de Egresados"},"content":{"rendered":"\n<p>Una estudiante de 17 a\u00f1os falleci\u00f3 el viernes durante su viaje de egresados en Bariloche. Seg\u00fan informaron medios locales, la adolescente hab\u00eda presentado malestar antes de viajar y al llegar fue internada por un cuadro de fiebre y fatiga en un sanatorio privado de la ciudad rionegrina, donde despu\u00e9s de algunos estudios le diagnosticaron mononucleosis.<\/p>\n\n\n\n<p>La joven, quien cursaba el \u00faltimo a\u00f1o en una escuela de la ciudad de Ver\u00f3nica, en las inmediaciones de La Plata, hab\u00eda llegado a Bariloche con el contingente de egresados de la empresa Baxter el domingo 6 de octubre.<\/p>\n\n\n\n<p>El d\u00eda anterior al viaje, de acuerdo a la informaci\u00f3n que pudieron reconstruir los medios locales, hab\u00eda sido atendida por un m\u00e9dico en una guardia de un centro de salud platense por un cuadro febril, quien le habr\u00eda asegurado que estaba en condiciones de viajar.<\/p>\n\n\n\n<p>El domingo que lleg\u00f3 a Bariloche, la joven se encontraba relativamente estable. Al d\u00eda siguiente, sin embargo, volvi\u00f3 a presentar fiebre, dolor de garganta y fatiga, por lo que fue trasladada al Sanatorio San Carlos, donde le practicaron una serie de estudios que revelaron que cursaba mononucleosis, una enfermedad infecciosa causada por el virus Epstein-Barr.<\/p>\n\n\n\n<p>Debido a su cuadro de salud, seg\u00fan public\u00f3 el medio local ANBariloche, la estudiante permaneci\u00f3 toda la semana hospitalizada. Con el paso de los d\u00edas, su condici\u00f3n comenz\u00f3 a deteriorarse al punto de sufrir un shock s\u00e9ptico, una infecci\u00f3n generalizada que afect\u00f3 el funcionamiento de todo su organismo y, finalmente, le caus\u00f3 la muerte.<\/p>\n\n\n\n<p>La familia de la adolescente, que se traslad\u00f3 a Bariloche tras conocer la tr\u00e1gica noticia, no present\u00f3 por el momento ninguna denuncia por la muerte.<\/p>\n\n\n\n<p><\/p>\n","protected":false},"excerpt":{"rendered":"<p>Una estudiante de 17 a\u00f1os falleci\u00f3 el viernes durante su viaje de egresados en Bariloche. Seg\u00fan informaron medios locales, la adolescente hab\u00eda presentado malestar antes de viajar y al llegar fue internada por un cuadro de fiebre y fatiga en un sanatorio privado de la ciudad rionegrina, donde despu\u00e9s de algunos estudios le diagnosticaron mononucleosis. La joven, quien cursaba el \u00faltimo a\u00f1o en una escuela de la ciudad de Ver\u00f3nica,&hellip;<\/p>\n","protected":false},"author":2,"featured_media":37209,"comment_status":"open","ping_status":"open","sticky":false,"template":"","format":"standard","meta":{"_acf_changed":false,"footnotes":""},"categories":[13],"tags":[1541,5542,4053],"class_list":["post-37208","post","type-post","status-publish","format-standard","has-post-thumbnail","hentry","category-sociedad","tag-bariloche","tag-egresados","tag-tragedia"],"acf":[],"aioseo_notices":[],"_links":{"self":[{"href":"https:\/\/larealidaddelaplata.com.ar\/index.php\/wp-json\/wp\/v2\/posts\/37208"}],"collection":[{"href":"https:\/\/larealidaddelaplata.com.ar\/index.php\/wp-json\/wp\/v2\/posts"}],"about":[{"href":"https:\/\/larealidaddelaplata.com.ar\/index.php\/wp-json\/wp\/v2\/types\/post"}],"author":[{"embeddable":true,"href":"https:\/\/larealidaddelaplata.com.ar\/index.php\/wp-json\/wp\/v2\/users\/2"}],"replies":[{"embeddable":true,"href":"https:\/\/larealidaddelaplata.com.ar\/index.php\/wp-json\/wp\/v2\/comments?post=37208"}],"version-history":[{"count":1,"href":"https:\/\/larealidaddelaplata.com.ar\/index.php\/wp-json\/wp\/v2\/posts\/37208\/revisions"}],"predecessor-version":[{"id":37210,"href":"https:\/\/larealidaddelaplata.com.ar\/index.php\/wp-json\/wp\/v2\/posts\/37208\/revisions\/37210"}],"wp:featuredmedia":[{"embeddable":true,"href":"https:\/\/larealidaddelaplata.com.ar\/index.php\/wp-json\/wp\/v2\/media\/37209"}],"wp:attachment":[{"href":"https:\/\/larealidaddelaplata.com.ar\/index.php\/wp-json\/wp\/v2\/media?parent=37208"}],"wp:term":[{"taxonomy":"category","embeddable":true,"href":"https:\/\/larealidaddelaplata.com.ar\/index.php\/wp-json\/wp\/v2\/categories?post=37208"},{"taxonomy":"post_tag","embeddable":true,"href":"https:\/\/larealidaddelaplata.com.ar\/index.php\/wp-json\/wp\/v2\/tags?post=37208"}],"curies":[{"name":"wp","href":"https:\/\/api.w.org\/{rel}","templated":true}]}}