{"id":37358,"date":"2024-10-26T19:06:14","date_gmt":"2024-10-26T22:06:14","guid":{"rendered":"https:\/\/larealidaddelaplata.com.ar\/?p=37358"},"modified":"2024-10-26T19:06:20","modified_gmt":"2024-10-26T22:06:20","slug":"37358","status":"publish","type":"post","link":"https:\/\/larealidaddelaplata.com.ar\/index.php\/2024\/10\/26\/37358\/","title":{"rendered":""},"content":{"rendered":"\n<h1 class=\"wp-block-heading\">Ahora pod\u00e9s tramitar el DNI y el Pasaporte en la Terminal <\/h1>\n\n\n\n<h2 class=\"wp-block-heading\"><\/h2>\n\n\n\n<h2 class=\"wp-block-heading\">El Registro Nacional de las Personas (RENAPER) inaugur\u00f3 en las \u00faltimas horas un Centro de Documentaci\u00f3n en la Terminal de \u00d3mnibus de La Plata, en donde los pasajeros podr\u00e1n aprovechar los tiempos de espera para tramitar el Documento Nacional de Identidad (DNI) o el Pasaporte.<\/h2>\n\n\n\n<p>En la flamante oficina emplazada en el interior de la terminal de micros se pueden realizar, por ahora, los dos tr\u00e1mites de lunes a viernes, en el horario de 8 a 20 horas.<\/p>\n\n\n\n<p>Seg\u00fan informaron las autoridades del RENAPER, en un mes se ampliar\u00e1n los d\u00edas de atenci\u00f3n al p\u00fablico sumando los s\u00e1bados, domingos y feriados, como ocurre con las oficinas que funcionan en los shoppings comerciales y en los aeropuertos.<\/p>\n\n\n\n<p>La nueva dependencia se suma al Centro de Documentaci\u00f3n R\u00e1pido (CDR) que funciona desde hace a\u00f1os en avenida 7 entre 54 y 55.<\/p>\n","protected":false},"excerpt":{"rendered":"<p>Ahora pod\u00e9s tramitar el DNI y el Pasaporte en la Terminal El Registro Nacional de las Personas (RENAPER) inaugur\u00f3 en las \u00faltimas horas un Centro de Documentaci\u00f3n en la Terminal de \u00d3mnibus de La Plata, en donde los pasajeros podr\u00e1n aprovechar los tiempos de espera para tramitar el Documento Nacional de Identidad (DNI) o el Pasaporte. En la flamante oficina emplazada en el interior de la terminal de micros se&hellip;<\/p>\n","protected":false},"author":2,"featured_media":37359,"comment_status":"open","ping_status":"open","sticky":false,"template":"","format":"standard","meta":{"_acf_changed":false,"footnotes":""},"categories":[2],"tags":[],"class_list":["post-37358","post","type-post","status-publish","format-standard","has-post-thumbnail","hentry","category-provincia"],"acf":[],"aioseo_notices":[],"_links":{"self":[{"href":"https:\/\/larealidaddelaplata.com.ar\/index.php\/wp-json\/wp\/v2\/posts\/37358"}],"collection":[{"href":"https:\/\/larealidaddelaplata.com.ar\/index.php\/wp-json\/wp\/v2\/posts"}],"about":[{"href":"https:\/\/larealidaddelaplata.com.ar\/index.php\/wp-json\/wp\/v2\/types\/post"}],"author":[{"embeddable":true,"href":"https:\/\/larealidaddelaplata.com.ar\/index.php\/wp-json\/wp\/v2\/users\/2"}],"replies":[{"embeddable":true,"href":"https:\/\/larealidaddelaplata.com.ar\/index.php\/wp-json\/wp\/v2\/comments?post=37358"}],"version-history":[{"count":1,"href":"https:\/\/larealidaddelaplata.com.ar\/index.php\/wp-json\/wp\/v2\/posts\/37358\/revisions"}],"predecessor-version":[{"id":37360,"href":"https:\/\/larealidaddelaplata.com.ar\/index.php\/wp-json\/wp\/v2\/posts\/37358\/revisions\/37360"}],"wp:featuredmedia":[{"embeddable":true,"href":"https:\/\/larealidaddelaplata.com.ar\/index.php\/wp-json\/wp\/v2\/media\/37359"}],"wp:attachment":[{"href":"https:\/\/larealidaddelaplata.com.ar\/index.php\/wp-json\/wp\/v2\/media?parent=37358"}],"wp:term":[{"taxonomy":"category","embeddable":true,"href":"https:\/\/larealidaddelaplata.com.ar\/index.php\/wp-json\/wp\/v2\/categories?post=37358"},{"taxonomy":"post_tag","embeddable":true,"href":"https:\/\/larealidaddelaplata.com.ar\/index.php\/wp-json\/wp\/v2\/tags?post=37358"}],"curies":[{"name":"wp","href":"https:\/\/api.w.org\/{rel}","templated":true}]}}