{"id":37427,"date":"2024-11-03T16:28:35","date_gmt":"2024-11-03T19:28:35","guid":{"rendered":"https:\/\/larealidaddelaplata.com.ar\/?p=37427"},"modified":"2024-11-03T16:28:39","modified_gmt":"2024-11-03T19:28:39","slug":"absa-advierte-que-algunas-zonas-de-la-ciudad-no-tendran-agua-por-tareas-de-reparacion","status":"publish","type":"post","link":"https:\/\/larealidaddelaplata.com.ar\/index.php\/2024\/11\/03\/absa-advierte-que-algunas-zonas-de-la-ciudad-no-tendran-agua-por-tareas-de-reparacion\/","title":{"rendered":"ABSA advierte que algunas zonas de la ciudad no tendr\u00e1n agua por tareas de reparaci\u00f3n"},"content":{"rendered":"\n<p>Varias zonas de La Plata sufrir\u00e1n problemas en la prestaci\u00f3n del servicio de agua debido a tareas de reparaci\u00f3n que est\u00e1 llevando a cabo la empresa ABSA, concesionaria en toda la regi\u00f3n.<\/p>\n\n\n\n<p>Seg\u00fan se inform\u00f3 desde la compa\u00f1\u00eda, estas reparaciones se centran en dos aver\u00edas detectadas en las calles 48 y 125, lo que resultar\u00e1 en un suministro reducido y, en algunos casos, en la falta total de agua.<\/p>\n\n\n\n<p>Las obras se ejecutan sobre ca\u00f1er\u00edas de 250 y 500 mil\u00edmetros de di\u00e1metro, lo que significa que la interrupci\u00f3n del servicio afectar\u00e1 a una amplia \u00e1rea.<\/p>\n\n\n\n<p>En particular, las zonas afectadas son las manzanas comprendidas entre las calles 32 y 50, y de 1 a 129, fundamentalmente en el Barrio Hip\u00f3dromo. Por eos ABSA advirti\u00f3 a los vecinos con un comunicado sobre la posible baja presi\u00f3n o la falta total de agua durante la duraci\u00f3n de las reparaciones.<\/p>\n\n\n\n<figure class=\"wp-block-image size-full\"><img loading=\"lazy\" decoding=\"async\" width=\"971\" height=\"447\" src=\"https:\/\/larealidaddelaplata.com.ar\/wp-content\/uploads\/2024\/11\/image.png\" alt=\"\" class=\"wp-image-37428\" srcset=\"https:\/\/larealidaddelaplata.com.ar\/wp-content\/uploads\/2024\/11\/image.png 971w, https:\/\/larealidaddelaplata.com.ar\/wp-content\/uploads\/2024\/11\/image-300x138.png 300w, https:\/\/larealidaddelaplata.com.ar\/wp-content\/uploads\/2024\/11\/image-768x354.png 768w\" sizes=\"(max-width: 971px) 100vw, 971px\" \/><\/figure>\n","protected":false},"excerpt":{"rendered":"<p>Varias zonas de La Plata sufrir\u00e1n problemas en la prestaci\u00f3n del servicio de agua debido a tareas de reparaci\u00f3n que est\u00e1 llevando a cabo la empresa ABSA, concesionaria en toda la regi\u00f3n. Seg\u00fan se inform\u00f3 desde la compa\u00f1\u00eda, estas reparaciones se centran en dos aver\u00edas detectadas en las calles 48 y 125, lo que resultar\u00e1 en un suministro reducido y, en algunos casos, en la falta total de agua. Las&hellip;<\/p>\n","protected":false},"author":2,"featured_media":37429,"comment_status":"open","ping_status":"open","sticky":false,"template":"","format":"standard","meta":{"_acf_changed":false,"footnotes":""},"categories":[2],"tags":[],"class_list":["post-37427","post","type-post","status-publish","format-standard","has-post-thumbnail","hentry","category-provincia"],"acf":[],"aioseo_notices":[],"_links":{"self":[{"href":"https:\/\/larealidaddelaplata.com.ar\/index.php\/wp-json\/wp\/v2\/posts\/37427"}],"collection":[{"href":"https:\/\/larealidaddelaplata.com.ar\/index.php\/wp-json\/wp\/v2\/posts"}],"about":[{"href":"https:\/\/larealidaddelaplata.com.ar\/index.php\/wp-json\/wp\/v2\/types\/post"}],"author":[{"embeddable":true,"href":"https:\/\/larealidaddelaplata.com.ar\/index.php\/wp-json\/wp\/v2\/users\/2"}],"replies":[{"embeddable":true,"href":"https:\/\/larealidaddelaplata.com.ar\/index.php\/wp-json\/wp\/v2\/comments?post=37427"}],"version-history":[{"count":1,"href":"https:\/\/larealidaddelaplata.com.ar\/index.php\/wp-json\/wp\/v2\/posts\/37427\/revisions"}],"predecessor-version":[{"id":37430,"href":"https:\/\/larealidaddelaplata.com.ar\/index.php\/wp-json\/wp\/v2\/posts\/37427\/revisions\/37430"}],"wp:featuredmedia":[{"embeddable":true,"href":"https:\/\/larealidaddelaplata.com.ar\/index.php\/wp-json\/wp\/v2\/media\/37429"}],"wp:attachment":[{"href":"https:\/\/larealidaddelaplata.com.ar\/index.php\/wp-json\/wp\/v2\/media?parent=37427"}],"wp:term":[{"taxonomy":"category","embeddable":true,"href":"https:\/\/larealidaddelaplata.com.ar\/index.php\/wp-json\/wp\/v2\/categories?post=37427"},{"taxonomy":"post_tag","embeddable":true,"href":"https:\/\/larealidaddelaplata.com.ar\/index.php\/wp-json\/wp\/v2\/tags?post=37427"}],"curies":[{"name":"wp","href":"https:\/\/api.w.org\/{rel}","templated":true}]}}