{"id":37558,"date":"2024-11-16T18:42:43","date_gmt":"2024-11-16T21:42:43","guid":{"rendered":"https:\/\/larealidaddelaplata.com.ar\/?p=37558"},"modified":"2024-11-16T18:42:53","modified_gmt":"2024-11-16T21:42:53","slug":"choque-violento-entre-dos-autos-uno-de-los-vehiculos-se-prendio-fuego-y-murio-un-hombre","status":"publish","type":"post","link":"https:\/\/larealidaddelaplata.com.ar\/index.php\/2024\/11\/16\/choque-violento-entre-dos-autos-uno-de-los-vehiculos-se-prendio-fuego-y-murio-un-hombre\/","title":{"rendered":"Choque violento entre dos autos: uno de los veh\u00edculos se prendi\u00f3 fuego y muri\u00f3 un hombre"},"content":{"rendered":"\n<p>Esta ma\u00f1ana de un violento accidente ocurri\u00f3 entre dos autos que dej\u00f3 un saldo tr\u00e1gico, en el que un hombre muri\u00f3 luego de chocar casi de lleno contra un veh\u00edculo que era conducido por una mujer. Debido a la violencia del impacto, uno de los rodados se prendi\u00f3 fuego completamente pocos minutos despu\u00e9s.<\/p>\n\n\n\n<p>De acuerdo con medios locales, el choque fatal ocurri\u00f3 en las primeras horas de este s\u00e1bado en el cruce de las calles 131 y 38, en la zona de La Loma. Seg\u00fan indic\u00f3 la mujer, que result\u00f3 con heridas leves, el hombre -a bordo de un Toyota Etios- cruz\u00f3 en rojo a toda velocidad y la impact\u00f3.<\/p>\n\n\n\n<p>La conductora viajaba en un auto de la misma marca y modelo. Debido a las fuertes heridas, la v\u00edctima muri\u00f3 en el lugar y su identidad todav\u00eda no pudo ser confirmada. Las im\u00e1genes que trascendieron son impactantes y reflejan la violencia de la colisi\u00f3n. Fueron los vecinos los que dieron aviso al 911 y filmaron los minutos posteriores al hecho.<\/p>\n\n\n\n<p>Debido a que el fuego se propag\u00f3 r\u00e1pidamente, el Etios en el que viajaba la v\u00edctima fatal termin\u00f3 completamente carbonizado. A\u00fan no se estableci\u00f3 si perdi\u00f3 la vida producto de las llamas o por el impacto contra el auto de la mujer.<\/p>\n\n\n\n<p>Al lugar llegaron agentes de la Polic\u00eda y de los Bomberos para apagar el incendio y trabajar en la escena. Tambi\u00e9n arrib\u00f3 una ambulancia del Servicio de Atenci\u00f3n M\u00e9dica de Emergencias (SAME) para brindar asistencia a los implicados.<\/p>\n\n\n\n<p>Por la magnitud del operativo, las dos calles debieron ser cortadas completamente. La causa qued\u00f3 en manos de la UFI N\u00ba12 de La Plata de delitos culposos, a cargo de Fernando Padov\u00e1n.<\/p>\n","protected":false},"excerpt":{"rendered":"<p>Esta ma\u00f1ana de un violento accidente ocurri\u00f3 entre dos autos que dej\u00f3 un saldo tr\u00e1gico, en el que un hombre muri\u00f3 luego de chocar casi de lleno contra un veh\u00edculo que era conducido por una mujer. Debido a la violencia del impacto, uno de los rodados se prendi\u00f3 fuego completamente pocos minutos despu\u00e9s. De acuerdo con medios locales, el choque fatal ocurri\u00f3 en las primeras horas de este s\u00e1bado en&hellip;<\/p>\n","protected":false},"author":2,"featured_media":37559,"comment_status":"open","ping_status":"open","sticky":false,"template":"","format":"standard","meta":{"_acf_changed":false,"footnotes":""},"categories":[13],"tags":[188,4989],"class_list":["post-37558","post","type-post","status-publish","format-standard","has-post-thumbnail","hentry","category-sociedad","tag-choque","tag-la-loma"],"acf":[],"aioseo_notices":[],"_links":{"self":[{"href":"https:\/\/larealidaddelaplata.com.ar\/index.php\/wp-json\/wp\/v2\/posts\/37558"}],"collection":[{"href":"https:\/\/larealidaddelaplata.com.ar\/index.php\/wp-json\/wp\/v2\/posts"}],"about":[{"href":"https:\/\/larealidaddelaplata.com.ar\/index.php\/wp-json\/wp\/v2\/types\/post"}],"author":[{"embeddable":true,"href":"https:\/\/larealidaddelaplata.com.ar\/index.php\/wp-json\/wp\/v2\/users\/2"}],"replies":[{"embeddable":true,"href":"https:\/\/larealidaddelaplata.com.ar\/index.php\/wp-json\/wp\/v2\/comments?post=37558"}],"version-history":[{"count":1,"href":"https:\/\/larealidaddelaplata.com.ar\/index.php\/wp-json\/wp\/v2\/posts\/37558\/revisions"}],"predecessor-version":[{"id":37560,"href":"https:\/\/larealidaddelaplata.com.ar\/index.php\/wp-json\/wp\/v2\/posts\/37558\/revisions\/37560"}],"wp:featuredmedia":[{"embeddable":true,"href":"https:\/\/larealidaddelaplata.com.ar\/index.php\/wp-json\/wp\/v2\/media\/37559"}],"wp:attachment":[{"href":"https:\/\/larealidaddelaplata.com.ar\/index.php\/wp-json\/wp\/v2\/media?parent=37558"}],"wp:term":[{"taxonomy":"category","embeddable":true,"href":"https:\/\/larealidaddelaplata.com.ar\/index.php\/wp-json\/wp\/v2\/categories?post=37558"},{"taxonomy":"post_tag","embeddable":true,"href":"https:\/\/larealidaddelaplata.com.ar\/index.php\/wp-json\/wp\/v2\/tags?post=37558"}],"curies":[{"name":"wp","href":"https:\/\/api.w.org\/{rel}","templated":true}]}}