{"id":37561,"date":"2024-11-16T18:50:25","date_gmt":"2024-11-16T21:50:25","guid":{"rendered":"https:\/\/larealidaddelaplata.com.ar\/?p=37561"},"modified":"2024-11-16T18:50:30","modified_gmt":"2024-11-16T21:50:30","slug":"atraparon-a-un-brasilero-con-pedido-de-captura-internacional-por-el-intento-de-golpe-contra-lula","status":"publish","type":"post","link":"https:\/\/larealidaddelaplata.com.ar\/index.php\/2024\/11\/16\/atraparon-a-un-brasilero-con-pedido-de-captura-internacional-por-el-intento-de-golpe-contra-lula\/","title":{"rendered":"Atraparon a un brasilero con pedido de captura internacional por el intento de golpe contra Lula"},"content":{"rendered":"\n<p>Un ciudadano brasile\u00f1o de 47 a\u00f1os, identificado como Joelton Gusm\u00e3o de Oliveira, quien ten\u00eda un pedido de captura internacional al ser acusado de participar en un intento de golpe de Estado tras la \u00faltima asunci\u00f3n de Luiz In\u00e1cio &#8216;Lula&#8217; da Silva como presidente, fue arrestado este mi\u00e9rcoles en La Plata, seg\u00fan indicaron autoridades policiales.<\/p>\n\n\n\n<p>La detenci\u00f3n ocurri\u00f3 en la intersecci\u00f3n de las calles 1 y 44 luego de que agentes de la bonaerense lo identificaran en &#8220;actitud sospechosa&#8221;, de acuerdo a lo difundido en un parte oficial, durante una recorrida rutinaria.<\/p>\n\n\n\n<p>Al consultar sus datos a trav\u00e9s del sistema inform\u00e1tico, se confirm\u00f3 que el hombre, quien intentaba renovar su documento migratorio, ten\u00eda una orden de extradici\u00f3n por parte del Juzgado Nacional en lo Criminal y Correccional Federal, debido a su participaci\u00f3n y posterior condena por los disturbios ocurridos en Brasil el 8 de enero de 2023.<\/p>\n","protected":false},"excerpt":{"rendered":"<p>Un ciudadano brasile\u00f1o de 47 a\u00f1os, identificado como Joelton Gusm\u00e3o de Oliveira, quien ten\u00eda un pedido de captura internacional al ser acusado de participar en un intento de golpe de Estado tras la \u00faltima asunci\u00f3n de Luiz In\u00e1cio &#8216;Lula&#8217; da Silva como presidente, fue arrestado este mi\u00e9rcoles en La Plata, seg\u00fan indicaron autoridades policiales. La detenci\u00f3n ocurri\u00f3 en la intersecci\u00f3n de las calles 1 y 44 luego de que agentes&hellip;<\/p>\n","protected":false},"author":2,"featured_media":37562,"comment_status":"open","ping_status":"open","sticky":false,"template":"","format":"standard","meta":{"_acf_changed":false,"footnotes":""},"categories":[2],"tags":[],"class_list":["post-37561","post","type-post","status-publish","format-standard","has-post-thumbnail","hentry","category-provincia"],"acf":[],"aioseo_notices":[],"_links":{"self":[{"href":"https:\/\/larealidaddelaplata.com.ar\/index.php\/wp-json\/wp\/v2\/posts\/37561"}],"collection":[{"href":"https:\/\/larealidaddelaplata.com.ar\/index.php\/wp-json\/wp\/v2\/posts"}],"about":[{"href":"https:\/\/larealidaddelaplata.com.ar\/index.php\/wp-json\/wp\/v2\/types\/post"}],"author":[{"embeddable":true,"href":"https:\/\/larealidaddelaplata.com.ar\/index.php\/wp-json\/wp\/v2\/users\/2"}],"replies":[{"embeddable":true,"href":"https:\/\/larealidaddelaplata.com.ar\/index.php\/wp-json\/wp\/v2\/comments?post=37561"}],"version-history":[{"count":1,"href":"https:\/\/larealidaddelaplata.com.ar\/index.php\/wp-json\/wp\/v2\/posts\/37561\/revisions"}],"predecessor-version":[{"id":37563,"href":"https:\/\/larealidaddelaplata.com.ar\/index.php\/wp-json\/wp\/v2\/posts\/37561\/revisions\/37563"}],"wp:featuredmedia":[{"embeddable":true,"href":"https:\/\/larealidaddelaplata.com.ar\/index.php\/wp-json\/wp\/v2\/media\/37562"}],"wp:attachment":[{"href":"https:\/\/larealidaddelaplata.com.ar\/index.php\/wp-json\/wp\/v2\/media?parent=37561"}],"wp:term":[{"taxonomy":"category","embeddable":true,"href":"https:\/\/larealidaddelaplata.com.ar\/index.php\/wp-json\/wp\/v2\/categories?post=37561"},{"taxonomy":"post_tag","embeddable":true,"href":"https:\/\/larealidaddelaplata.com.ar\/index.php\/wp-json\/wp\/v2\/tags?post=37561"}],"curies":[{"name":"wp","href":"https:\/\/api.w.org\/{rel}","templated":true}]}}