{"id":37614,"date":"2024-11-23T20:50:37","date_gmt":"2024-11-23T23:50:37","guid":{"rendered":"https:\/\/larealidaddelaplata.com.ar\/?p=37614"},"modified":"2024-11-23T20:50:41","modified_gmt":"2024-11-23T23:50:41","slug":"operativos-de-salud-integral-en-altos-de-san-lorenzo-tolosa-san-carlos-el-retiro-y-barrio-hipodromo","status":"publish","type":"post","link":"https:\/\/larealidaddelaplata.com.ar\/index.php\/2024\/11\/23\/operativos-de-salud-integral-en-altos-de-san-lorenzo-tolosa-san-carlos-el-retiro-y-barrio-hipodromo\/","title":{"rendered":"Operativos de Salud integral en Altos de San Lorenzo, Tolosa, San Carlos, El Retiro y Barrio Hip\u00f3dromo"},"content":{"rendered":"\n<p>Con chequeos m\u00e9dicos, talleres de educaci\u00f3n sexual, vacunaciones y prevenci\u00f3n del dengue, la Municipalidad de La Plata finaliz\u00f3 una nueva semana de jornadas integrales de salud que llev\u00f3 a cabo en distintos barrios de la capital bonaerense.<\/p>\n\n\n\n<p>La iniciativa impulsada por la gesti\u00f3n del intendente Julio Alak tiene como objetivo extender el acceso a la salud y revincular a la poblaci\u00f3n con los Centros de Atenci\u00f3n Primaria de la Salud (CAPS).<\/p>\n\n\n\n<p>En esta oportunidad, las acciones gratuitas tuvieron lugar en Altos de San Lorenzo, Tolosa, San Carlos, Barrio Malvinas, El Retiro y la Casa del Ni\u00f1o de Barrio Hip\u00f3dromo.<\/p>\n\n\n\n<p>As\u00ed, desde el mi\u00e9rcoles hasta el viernes los profesionales de la Secretar\u00eda de Salud local desarrollaron talleres de Educaci\u00f3n Sexual Integral (ESI) y salud mental con actividades cognitivas.<\/p>\n\n\n\n<p>Adem\u00e1s, llevaron a cabo tareas de prevenci\u00f3n del dengue y descacharreo que incluyeron recorridas casa por casa concientizando a los vecinos acerca de la importancia de eliminar objetos que acumulen agua y evitar la proliferaci\u00f3n del mosquito.<\/p>\n\n\n\n<p>Asimismo, en el marco de los controles puerta a puerta, se llev\u00f3 a cabo una encuesta epidemiol\u00f3gica en distintos puntos del casco urbano con el objetivo de controlar y detectar casos sospechosos de la enfermedad, mientras que se reforzaron las vacunaciones de calendario y antigripales.<\/p>\n\n\n\n<p>Cabe recordar que, adem\u00e1s del cronograma semanal de jornadas de salud, todos los d\u00edas en los distintos CAPS de la ciudad se aplican tambi\u00e9n vacunas de calendario, antigripal y contra el Covid.<\/p>\n","protected":false},"excerpt":{"rendered":"<p>Con chequeos m\u00e9dicos, talleres de educaci\u00f3n sexual, vacunaciones y prevenci\u00f3n del dengue, la Municipalidad de La Plata finaliz\u00f3 una nueva semana de jornadas integrales de salud que llev\u00f3 a cabo en distintos barrios de la capital bonaerense. La iniciativa impulsada por la gesti\u00f3n del intendente Julio Alak tiene como objetivo extender el acceso a la salud y revincular a la poblaci\u00f3n con los Centros de Atenci\u00f3n Primaria de la Salud&hellip;<\/p>\n","protected":false},"author":2,"featured_media":37615,"comment_status":"open","ping_status":"open","sticky":false,"template":"","format":"standard","meta":{"_acf_changed":false,"footnotes":""},"categories":[2],"tags":[],"class_list":["post-37614","post","type-post","status-publish","format-standard","has-post-thumbnail","hentry","category-provincia"],"acf":[],"aioseo_notices":[],"_links":{"self":[{"href":"https:\/\/larealidaddelaplata.com.ar\/index.php\/wp-json\/wp\/v2\/posts\/37614"}],"collection":[{"href":"https:\/\/larealidaddelaplata.com.ar\/index.php\/wp-json\/wp\/v2\/posts"}],"about":[{"href":"https:\/\/larealidaddelaplata.com.ar\/index.php\/wp-json\/wp\/v2\/types\/post"}],"author":[{"embeddable":true,"href":"https:\/\/larealidaddelaplata.com.ar\/index.php\/wp-json\/wp\/v2\/users\/2"}],"replies":[{"embeddable":true,"href":"https:\/\/larealidaddelaplata.com.ar\/index.php\/wp-json\/wp\/v2\/comments?post=37614"}],"version-history":[{"count":1,"href":"https:\/\/larealidaddelaplata.com.ar\/index.php\/wp-json\/wp\/v2\/posts\/37614\/revisions"}],"predecessor-version":[{"id":37616,"href":"https:\/\/larealidaddelaplata.com.ar\/index.php\/wp-json\/wp\/v2\/posts\/37614\/revisions\/37616"}],"wp:featuredmedia":[{"embeddable":true,"href":"https:\/\/larealidaddelaplata.com.ar\/index.php\/wp-json\/wp\/v2\/media\/37615"}],"wp:attachment":[{"href":"https:\/\/larealidaddelaplata.com.ar\/index.php\/wp-json\/wp\/v2\/media?parent=37614"}],"wp:term":[{"taxonomy":"category","embeddable":true,"href":"https:\/\/larealidaddelaplata.com.ar\/index.php\/wp-json\/wp\/v2\/categories?post=37614"},{"taxonomy":"post_tag","embeddable":true,"href":"https:\/\/larealidaddelaplata.com.ar\/index.php\/wp-json\/wp\/v2\/tags?post=37614"}],"curies":[{"name":"wp","href":"https:\/\/api.w.org\/{rel}","templated":true}]}}