{"id":37617,"date":"2024-11-24T17:16:11","date_gmt":"2024-11-24T20:16:11","guid":{"rendered":"https:\/\/larealidaddelaplata.com.ar\/?p=37617"},"modified":"2024-11-24T17:16:15","modified_gmt":"2024-11-24T20:16:15","slug":"gustavo-carrara-es-el-nuevo-arzobispo-nombrado-por-el-papa-francisco","status":"publish","type":"post","link":"https:\/\/larealidaddelaplata.com.ar\/index.php\/2024\/11\/24\/gustavo-carrara-es-el-nuevo-arzobispo-nombrado-por-el-papa-francisco\/","title":{"rendered":"Gustavo Carrara es el nuevo arzobispo nombrado por el Papa Francisco"},"content":{"rendered":"\n<p>El papa Francisco puso orden a la Arquidi\u00f3cesis de La Plata que, desde la salida de V\u00edctor \u201cTucho\u201d Fern\u00e1ndez, ya atraves\u00f3 tres cambios de titularidad en lo que va del a\u00f1o. As\u00ed, este jueves el sumo pont\u00edfice nombr\u00f3 como arzobispo a monse\u00f1or Gustavo Oscar Carrara, quien hasta el momento se desempe\u00f1\u00f3 como obispo auxiliar de Buenos Aires.<\/p>\n\n\n\n<p>El nombramiento llega a pocos d\u00edas de un nuevo encuentro de los obispos, nucleados en la Conferencia Episcopal Argentina, que se realizar\u00e1 el 10 y 11 de diciembre. La cita es clave para poner de relieve la opini\u00f3n de los l\u00edderes religiosos sobre la actualidad econ\u00f3mica y social.<\/p>\n\n\n\n<p>El \u00faltimo gran movimiento que hubo en la sede platense se dio en mayo de este a\u00f1o, cuando monse\u00f1or Gabriel Mestre, que hab\u00eda suplantado a Fern\u00e1ndez tras su partida al Vaticano, anunci\u00f3 que dejaba el lugar a trav\u00e9s de una carta que dej\u00f3 sorprendida a la comunidad religiosa.<\/p>\n\n\n\n<p>Ese d\u00eda, mediante Decreto 518 del Dicasterio para los Obispos, el papa Francisco nombr\u00f3 a Alberto Germ\u00e1n Bochatey como Administrador Apost\u00f3lico en \u201csede vacante\u201d de la Arquidi\u00f3cesis, aclarando que la medida estar\u00eda vigente \u201chasta que se elija un nuevo arzobispo y tome posesi\u00f3n can\u00f3nica\u201d.<\/p>\n\n\n\n<p>&#8220;Mucho tiempo estar\u00e9 en medio de ustedes, ese es mi deseo&#8221;, expres\u00f3 Carrara en su primer mensaje. &#8220;Muchas veces caminar\u00e9 un poquito m\u00e1s despacios, buscando cuidar la fragilidad de algunos que necesitan ir m\u00e1s despacio en el camino de la vidad; a veces, ir detr\u00e1s immplica dejarse guiar por la fuerza del esp\u00edritu que recibimos en el bautismo&#8221;, agreg\u00f3.<\/p>\n\n\n\n<p>Finalmente, pidi\u00f3 a los fieles que pidan por \u00e9l &#8220;a la virgen de Luj\u00e1n&#8221;.<\/p>\n","protected":false},"excerpt":{"rendered":"<p>El papa Francisco puso orden a la Arquidi\u00f3cesis de La Plata que, desde la salida de V\u00edctor \u201cTucho\u201d Fern\u00e1ndez, ya atraves\u00f3 tres cambios de titularidad en lo que va del a\u00f1o. As\u00ed, este jueves el sumo pont\u00edfice nombr\u00f3 como arzobispo a monse\u00f1or Gustavo Oscar Carrara, quien hasta el momento se desempe\u00f1\u00f3 como obispo auxiliar de Buenos Aires. El nombramiento llega a pocos d\u00edas de un nuevo encuentro de los obispos,&hellip;<\/p>\n","protected":false},"author":2,"featured_media":37618,"comment_status":"open","ping_status":"open","sticky":false,"template":"","format":"standard","meta":{"_acf_changed":false,"footnotes":""},"categories":[13],"tags":[5581],"class_list":["post-37617","post","type-post","status-publish","format-standard","has-post-thumbnail","hentry","category-sociedad","tag-nuevo-arzobispo"],"acf":[],"aioseo_notices":[],"_links":{"self":[{"href":"https:\/\/larealidaddelaplata.com.ar\/index.php\/wp-json\/wp\/v2\/posts\/37617"}],"collection":[{"href":"https:\/\/larealidaddelaplata.com.ar\/index.php\/wp-json\/wp\/v2\/posts"}],"about":[{"href":"https:\/\/larealidaddelaplata.com.ar\/index.php\/wp-json\/wp\/v2\/types\/post"}],"author":[{"embeddable":true,"href":"https:\/\/larealidaddelaplata.com.ar\/index.php\/wp-json\/wp\/v2\/users\/2"}],"replies":[{"embeddable":true,"href":"https:\/\/larealidaddelaplata.com.ar\/index.php\/wp-json\/wp\/v2\/comments?post=37617"}],"version-history":[{"count":1,"href":"https:\/\/larealidaddelaplata.com.ar\/index.php\/wp-json\/wp\/v2\/posts\/37617\/revisions"}],"predecessor-version":[{"id":37619,"href":"https:\/\/larealidaddelaplata.com.ar\/index.php\/wp-json\/wp\/v2\/posts\/37617\/revisions\/37619"}],"wp:featuredmedia":[{"embeddable":true,"href":"https:\/\/larealidaddelaplata.com.ar\/index.php\/wp-json\/wp\/v2\/media\/37618"}],"wp:attachment":[{"href":"https:\/\/larealidaddelaplata.com.ar\/index.php\/wp-json\/wp\/v2\/media?parent=37617"}],"wp:term":[{"taxonomy":"category","embeddable":true,"href":"https:\/\/larealidaddelaplata.com.ar\/index.php\/wp-json\/wp\/v2\/categories?post=37617"},{"taxonomy":"post_tag","embeddable":true,"href":"https:\/\/larealidaddelaplata.com.ar\/index.php\/wp-json\/wp\/v2\/tags?post=37617"}],"curies":[{"name":"wp","href":"https:\/\/api.w.org\/{rel}","templated":true}]}}