{"id":37678,"date":"2024-11-29T18:06:18","date_gmt":"2024-11-29T21:06:18","guid":{"rendered":"https:\/\/larealidaddelaplata.com.ar\/?p=37678"},"modified":"2024-11-29T18:06:21","modified_gmt":"2024-11-29T21:06:21","slug":"estudiantes-vs-river-por-la-liga-profesional-hora-tv-como-verlo-en-vivo-y-formaciones","status":"publish","type":"post","link":"https:\/\/larealidaddelaplata.com.ar\/index.php\/2024\/11\/29\/estudiantes-vs-river-por-la-liga-profesional-hora-tv-como-verlo-en-vivo-y-formaciones\/","title":{"rendered":"Estudiantes vs. River por la Liga Profesional: hora, TV, c\u00f3mo verlo en vivo y formaciones"},"content":{"rendered":"\n<p>Este viernes desde las 21,\u00a0<strong>Estudiantes\u00a0<\/strong>recibir\u00e1 a\u00a0<strong>River\u00a0<\/strong>en el\u00a0<strong>Estadio<\/strong>\u00a0<strong>UNO<\/strong>\u00a0por la fecha 25 de la<strong>\u00a0Liga Profesional\u00a0<\/strong>de F\u00fatbol, en un encuentro muy exigente. El \u00e1rbitro del\u00a0<strong>partido<\/strong>\u00a0ser\u00e1<strong>\u00a0Ariel Penel\u00a0<\/strong>mientras que en el\u00a0<strong>VAR<\/strong>\u00a0estar\u00e1\u00a0<strong>Andr\u00e9s<\/strong>\u00a0<strong>Gariano<\/strong>.<\/p>\n\n\n\n<p>El\u00a0<strong>Pincha<\/strong>\u00a0hace 8 partidos que no conoce la derrota, pero a su vez, son 5 los que lleva empatando de manera seguida y por 1 a 1, como\u00a0en la \u00faltima presentaci\u00f3n ante Rosario Central. Por el lado del\u00a0<strong>Millonario<\/strong>, viene de una dura derrota ante\u00a0<strong>Independiente<\/strong>\u00a0<strong>Rivadavia<\/strong>\u00a0en\u00a0<strong>Mendoza<\/strong>\u00a0y buscar\u00e1 recuperarse.<\/p>\n\n\n\n<blockquote class=\"twitter-tweet\" data-media-max-width=\"560\"><p lang=\"es\" dir=\"ltr\">\u00a1Vamos que esta noche ten\u00e9s que ganar! \ud83d\udcaa <a href=\"https:\/\/t.co\/JIdS818ghM\">pic.twitter.com\/JIdS818ghM<\/a><\/p>&mdash; Estudiantes de La Plata (@EdelpOficial) <a href=\"https:\/\/twitter.com\/EdelpOficial\/status\/1862330648079335615?ref_src=twsrc%5Etfw\">November 29, 2024<\/a><\/blockquote> <script async src=\"https:\/\/platform.twitter.com\/widgets.js\" charset=\"utf-8\"><\/script>\n\n\n\n<h2 class=\"wp-block-heading\">\u00bfC\u00f3mo llega Estudiantes?<\/h2>\n\n\n\n<p><strong>Eduardo Dom\u00ednguez\u00a0<\/strong>tendr\u00e1 la vuelta asegurada de\u00a0<strong>Sebasti\u00e1n Boselli<\/strong>, que podr\u00eda ser titular y la posibilidad de contar con\u00a0<strong>Guido Carrillo,<\/strong>\u00a0pero para seguir sumando minutos y la duda pasa en si se mete al equipo por\u00a0<strong>Gabriel Neves<\/strong>. Por otro lado, y teniendo en cuenta el rival de turno,\u00a0<strong>Tiago<\/strong>\u00a0<strong>Palacios<\/strong>\u00a0se suma a los candidatos para iniciar y puede hacerlo por\u00a0<strong>Joaqu\u00edn<\/strong>\u00a0<strong>Tobio<\/strong>\u00a0<strong>Burgos<\/strong>.<\/p>\n\n\n\n<p><strong>Santiago Arzamendia<\/strong>&nbsp;compite palmo a palmo con<strong>&nbsp;Gast\u00f3n Benedetti<\/strong>. La mitad de cancha tiene la fija del doble cinco con&nbsp;<strong>Santiago<\/strong>&nbsp;<strong>Ascac\u00edbar<\/strong>&nbsp;y&nbsp;<strong>Enzo<\/strong>&nbsp;<strong>P\u00e9rez<\/strong>. Otro que si no pasa nada raro ser\u00e1 titular, es&nbsp;<strong>Jos\u00e9 Sosa<\/strong>. A su vez,&nbsp;<strong>Alexis<\/strong>&nbsp;<strong>Manyoma<\/strong>&nbsp;y vienen siendo de lo mejor.<\/p>\n\n\n\n<h2 class=\"wp-block-heading\">\u00bfC\u00f3mo llega River?<\/h2>\n\n\n\n<p><strong>Marcelo<\/strong>&nbsp;<strong>Gallardo<\/strong>&nbsp;buscar\u00e1 alternativas ya que&nbsp;<strong>Leandro<\/strong>&nbsp;<strong>Gonz\u00e1lez<\/strong>&nbsp;<strong>Pirez<\/strong>&nbsp;fue expulsado, mientras que&nbsp;<strong>Claudio<\/strong>&nbsp;<strong>Echeverri<\/strong>&nbsp;sufri\u00f3 una lesi\u00f3n muscular en el mencionado partido. Adem\u00e1s, se encuentran entre algodones como&nbsp;<strong>Germ\u00e1n<\/strong>&nbsp;<strong>Pezzella<\/strong>&nbsp;y&nbsp;<strong>Marcos<\/strong>&nbsp;<strong>Acu\u00f1a<\/strong>.<\/p>\n\n\n\n<p>El que podr\u00eda volver es&nbsp;<strong>Paulo<\/strong>&nbsp;D\u00edaz para acompa\u00f1ar a&nbsp;<strong>Federico<\/strong>&nbsp;<strong>Gattoni<\/strong>&nbsp;o al juvenil&nbsp;<strong>Daniel<\/strong>&nbsp;<strong>Zabala<\/strong>&nbsp;en la zaga defensiva, mientras que&nbsp;<strong>Milton<\/strong>&nbsp;<strong>Casco<\/strong>&nbsp;permanecer\u00eda en el equipo. En cuanto al reemplazante de Echeverri, hay varios nombres:&nbsp;<strong>Franco<\/strong>&nbsp;<strong>Mastantuono<\/strong>,&nbsp;<strong>Manuel<\/strong>&nbsp;<strong>Lanzini<\/strong>&nbsp;o&nbsp;<strong>Gonzalo<\/strong>&nbsp;<strong>Mart\u00ednez<\/strong>.<\/p>\n\n\n\n<h2 class=\"wp-block-heading\">La probable formaci\u00f3n de Estudiantes<\/h2>\n\n\n\n<ul class=\"wp-block-list\">\n<li>Mat\u00edas Mansilla; Eric Meza, Sebasti\u00e1n Boselli, Luciano Lollo o Federico Fern\u00e1ndez; Gast\u00f3n Benedetti o Santiago Arzamendia; Santiago Ascac\u00edbar, Enzo P\u00e9rez, Gabriel Neves; Alexis Manyoma, Jos\u00e9 Sosa y Joaqu\u00edn Tobio Burgos o Tiago Palacios.<\/li>\n<\/ul>\n\n\n\n<h2 class=\"wp-block-heading\">El probable equipo de River<\/h2>\n\n\n\n<ul class=\"wp-block-list\">\n<li>Franco Armani; Fabricio Bustos, Federico Gattoni, Paulo D\u00edaz y Milton Casco; Santiago Sim\u00f3n, Rodrigo Villagra y Maximiliano Meza; Franco Mastantuono; Pablo Solari y Facundo Colidio.<\/li>\n<\/ul>\n\n\n\n<h2 class=\"wp-block-heading\">Estudiantes vs. River: C\u00f3mo ver en vivo y datos del partido<\/h2>\n\n\n\n<ul class=\"wp-block-list\">\n<li>\u00c1rbitro: Ariel Penel.<\/li>\n\n\n\n<li>VAR: Andr\u00e9s Gariano.<\/li>\n\n\n\n<li>Estadio: Jorge Luis Hirschi (UNO).<\/li>\n\n\n\n<li>Hora: 21.<\/li>\n\n\n\n<li>TV: ESPN Premium.<\/li>\n<\/ul>\n","protected":false},"excerpt":{"rendered":"<p>Este viernes desde las 21,\u00a0Estudiantes\u00a0recibir\u00e1 a\u00a0River\u00a0en el\u00a0Estadio\u00a0UNO\u00a0por la fecha 25 de la\u00a0Liga Profesional\u00a0de F\u00fatbol, en un encuentro muy exigente. El \u00e1rbitro del\u00a0partido\u00a0ser\u00e1\u00a0Ariel Penel\u00a0mientras que en el\u00a0VAR\u00a0estar\u00e1\u00a0Andr\u00e9s\u00a0Gariano. El\u00a0Pincha\u00a0hace 8 partidos que no conoce la derrota, pero a su vez, son 5 los que lleva empatando de manera seguida y por 1 a 1, como\u00a0en la \u00faltima presentaci\u00f3n ante Rosario Central. Por el lado del\u00a0Millonario, viene de una dura derrota ante\u00a0Independiente\u00a0Rivadavia\u00a0en\u00a0Mendoza\u00a0y buscar\u00e1&hellip;<\/p>\n","protected":false},"author":3,"featured_media":33899,"comment_status":"open","ping_status":"open","sticky":false,"template":"","format":"standard","meta":{"_acf_changed":false,"footnotes":""},"categories":[2],"tags":[],"class_list":["post-37678","post","type-post","status-publish","format-standard","has-post-thumbnail","hentry","category-provincia"],"acf":[],"aioseo_notices":[],"_links":{"self":[{"href":"https:\/\/larealidaddelaplata.com.ar\/index.php\/wp-json\/wp\/v2\/posts\/37678"}],"collection":[{"href":"https:\/\/larealidaddelaplata.com.ar\/index.php\/wp-json\/wp\/v2\/posts"}],"about":[{"href":"https:\/\/larealidaddelaplata.com.ar\/index.php\/wp-json\/wp\/v2\/types\/post"}],"author":[{"embeddable":true,"href":"https:\/\/larealidaddelaplata.com.ar\/index.php\/wp-json\/wp\/v2\/users\/3"}],"replies":[{"embeddable":true,"href":"https:\/\/larealidaddelaplata.com.ar\/index.php\/wp-json\/wp\/v2\/comments?post=37678"}],"version-history":[{"count":1,"href":"https:\/\/larealidaddelaplata.com.ar\/index.php\/wp-json\/wp\/v2\/posts\/37678\/revisions"}],"predecessor-version":[{"id":37679,"href":"https:\/\/larealidaddelaplata.com.ar\/index.php\/wp-json\/wp\/v2\/posts\/37678\/revisions\/37679"}],"wp:featuredmedia":[{"embeddable":true,"href":"https:\/\/larealidaddelaplata.com.ar\/index.php\/wp-json\/wp\/v2\/media\/33899"}],"wp:attachment":[{"href":"https:\/\/larealidaddelaplata.com.ar\/index.php\/wp-json\/wp\/v2\/media?parent=37678"}],"wp:term":[{"taxonomy":"category","embeddable":true,"href":"https:\/\/larealidaddelaplata.com.ar\/index.php\/wp-json\/wp\/v2\/categories?post=37678"},{"taxonomy":"post_tag","embeddable":true,"href":"https:\/\/larealidaddelaplata.com.ar\/index.php\/wp-json\/wp\/v2\/tags?post=37678"}],"curies":[{"name":"wp","href":"https:\/\/api.w.org\/{rel}","templated":true}]}}