{"id":37680,"date":"2024-11-30T20:15:08","date_gmt":"2024-11-30T23:15:08","guid":{"rendered":"https:\/\/larealidaddelaplata.com.ar\/?p=37680"},"modified":"2024-11-30T20:15:12","modified_gmt":"2024-11-30T23:15:12","slug":"un-hombre-fue-a-la-zona-roja-le-quisieron-robar-y-mato-al-ladron","status":"publish","type":"post","link":"https:\/\/larealidaddelaplata.com.ar\/index.php\/2024\/11\/30\/un-hombre-fue-a-la-zona-roja-le-quisieron-robar-y-mato-al-ladron\/","title":{"rendered":"Un hombre fue a la \u201czona roja\u201d, le quisieron robar y mat\u00f3 al ladr\u00f3n"},"content":{"rendered":"\n<p>La madrugada de este s\u00e1bado estuvo marcada por un violento enfrentamiento en la \u201czona roja\u201d de La Plata, en calle 1 entre 63 y 64, que dej\u00f3 como saldo la muerte de un hombre.<\/p>\n\n\n\n<p>El autor de los disparos se entreg\u00f3 horas despu\u00e9s en la Comisar\u00eda Novena y asegur\u00f3 que actu\u00f3 en defensa propia durante un intento de robo.<\/p>\n\n\n\n<p>Seg\u00fan las primeras declaraciones, el implicado le confes\u00f3 a la polic\u00eda que dispar\u00f3 en defensa propia. El hombre afirm\u00f3 que se encontraba en la zona para contratar servicios sexuales cuando dos personas intentaron asaltarlo.<\/p>\n\n\n\n<p>En ese momento, desenfund\u00f3 su arma, dispar\u00f3 y mat\u00f3 a uno de los presuntos atacantes mientras el otro se escap\u00f3. El tr\u00e1gico episodio ocurri\u00f3 alrededor de la 1 de la madrugada, en el barrio El Mondongo.<\/p>\n\n\n\n<p>Testigos reportaron al menos ocho disparos, uno de los cuales impact\u00f3 fatalmente en un hombre que fue encontrado sin vida en la calle. Personal del SAME confirm\u00f3 su muerte en el lugar.<\/p>\n\n\n\n<p>El acusado permanece detenido mientras la justicia y la polic\u00eda investigan las circunstancias del violento episodio. Por el momento, se trabaja en la reconstrucci\u00f3n del hecho y en la b\u00fasqueda del presunto c\u00f3mplice que huy\u00f3 tras el tiroteo.<\/p>\n","protected":false},"excerpt":{"rendered":"<p>La madrugada de este s\u00e1bado estuvo marcada por un violento enfrentamiento en la \u201czona roja\u201d de La Plata, en calle 1 entre 63 y 64, que dej\u00f3 como saldo la muerte de un hombre. El autor de los disparos se entreg\u00f3 horas despu\u00e9s en la Comisar\u00eda Novena y asegur\u00f3 que actu\u00f3 en defensa propia durante un intento de robo. Seg\u00fan las primeras declaraciones, el implicado le confes\u00f3 a la polic\u00eda&hellip;<\/p>\n","protected":false},"author":2,"featured_media":37681,"comment_status":"open","ping_status":"open","sticky":false,"template":"","format":"standard","meta":{"_acf_changed":false,"footnotes":""},"categories":[8],"tags":[350],"class_list":["post-37680","post","type-post","status-publish","format-standard","has-post-thumbnail","hentry","category-policiales","tag-robo"],"acf":[],"aioseo_notices":[],"_links":{"self":[{"href":"https:\/\/larealidaddelaplata.com.ar\/index.php\/wp-json\/wp\/v2\/posts\/37680"}],"collection":[{"href":"https:\/\/larealidaddelaplata.com.ar\/index.php\/wp-json\/wp\/v2\/posts"}],"about":[{"href":"https:\/\/larealidaddelaplata.com.ar\/index.php\/wp-json\/wp\/v2\/types\/post"}],"author":[{"embeddable":true,"href":"https:\/\/larealidaddelaplata.com.ar\/index.php\/wp-json\/wp\/v2\/users\/2"}],"replies":[{"embeddable":true,"href":"https:\/\/larealidaddelaplata.com.ar\/index.php\/wp-json\/wp\/v2\/comments?post=37680"}],"version-history":[{"count":1,"href":"https:\/\/larealidaddelaplata.com.ar\/index.php\/wp-json\/wp\/v2\/posts\/37680\/revisions"}],"predecessor-version":[{"id":37682,"href":"https:\/\/larealidaddelaplata.com.ar\/index.php\/wp-json\/wp\/v2\/posts\/37680\/revisions\/37682"}],"wp:featuredmedia":[{"embeddable":true,"href":"https:\/\/larealidaddelaplata.com.ar\/index.php\/wp-json\/wp\/v2\/media\/37681"}],"wp:attachment":[{"href":"https:\/\/larealidaddelaplata.com.ar\/index.php\/wp-json\/wp\/v2\/media?parent=37680"}],"wp:term":[{"taxonomy":"category","embeddable":true,"href":"https:\/\/larealidaddelaplata.com.ar\/index.php\/wp-json\/wp\/v2\/categories?post=37680"},{"taxonomy":"post_tag","embeddable":true,"href":"https:\/\/larealidaddelaplata.com.ar\/index.php\/wp-json\/wp\/v2\/tags?post=37680"}],"curies":[{"name":"wp","href":"https:\/\/api.w.org\/{rel}","templated":true}]}}