{"id":37683,"date":"2024-11-30T20:43:58","date_gmt":"2024-11-30T23:43:58","guid":{"rendered":"https:\/\/larealidaddelaplata.com.ar\/?p=37683"},"modified":"2024-11-30T20:44:47","modified_gmt":"2024-11-30T23:44:47","slug":"melchor-romero-identificaron-al-detenido-por-el-brutal-ataque-en-una-fiesta","status":"publish","type":"post","link":"https:\/\/larealidaddelaplata.com.ar\/index.php\/2024\/11\/30\/melchor-romero-identificaron-al-detenido-por-el-brutal-ataque-en-una-fiesta\/","title":{"rendered":"Melchor Romero: Identificaron al detenido por el brutal ataque en una fiesta"},"content":{"rendered":"\n<p>La Polic\u00eda Bonaerense detuvo este jueves al acusado del crimen de \u00c1ngel Villalba, el joven de 19 a\u00f1os que fue asesinado a pu\u00f1aladas durante una pelea en una fiesta el pasado 19 de noviembre en la localidad de Melchor Romero. El sospechoso fue identificado como Mauricio Nicol\u00e1s Cardozo, de 20 a\u00f1os.<\/p>\n\n\n\n<p>Fuentes policiales comunicaron que el arresto de Cardozo se produjo en una casilla ubicada en la zona de las calles 34 y 152. Los agentes de la DDI de La Plata llegaron hasta all\u00ed tras haber obtenido el dato de que se escond\u00eda en ese lugar.<\/p>\n\n\n\n<p>La informaci\u00f3n sobre su paradero hab\u00eda sido recabada luego de entrevistas a testigos, an\u00e1lisis de c\u00e1maras de seguridad y pericias de campo. De esa manera, tras una vigilancia secreta realizada por personal policial, fue capturado.<\/p>\n\n\n\n<p>La fiscal Ana Medina, titular de la Unidad Funcional de Instrucci\u00f3n (UFI) N\u00b01 y a cargo de la investigaci\u00f3n del caso, aval\u00f3 la detenci\u00f3n y dispuso que el acusado sea trasladado este viernes a la sede judicial para la correspondiente indagatoria.<\/p>\n\n\n\n<p>El crimen ocurri\u00f3 en una fiesta en una casa de la calle 35, entre 154 y 155, cuando Villalba y Cardozo iniciaron una discusi\u00f3n que r\u00e1pidamente escal\u00f3 a una pelea violenta. Seg\u00fan testigos, ambos j\u00f3venes ya manten\u00edan conflictos previos, lo que habr\u00eda motivado el enfrentamiento.<\/p>\n\n\n\n<p>Durante la pelea, Villalba fue apu\u00f1alado en la espalda y en el abdomen. A la v\u00edctima la trasladaron de urgencia al Hospital Alejandro Korn, donde falleci\u00f3 poco despu\u00e9s de ingresar, a pesar de haber sido intervenido quir\u00fargicamente. Luego, Cardozo fue reconocido por testigos como el autor del ataque, agregaron las fuentes.<\/p>\n\n\n\n<p>Tras las averiguaciones iniciales, adem\u00e1s, se conoci\u00f3 que la v\u00edctima contaba con una serie de antecedentes penales, entre ellos, una condena por robo agravado en poblado y en banda.<\/p>\n\n\n\n<p>Villalba estuvo detenido en junio de 2023, cuando fue acusado de asaltar en grupo a un hombre que caminaba por la zona de las calles 157 y 523. En esa oportunidad, los delincuentes amenazaron a la v\u00edctima con un arma y un cuchillo y le quitaron dinero en efectivo, una gorra y una billetera. Por este hecho, el joven permaneci\u00f3 bajo arresto hasta julio de este a\u00f1o, cuando fue puesto en libertad al haber cumplido su condena.<\/p>\n\n\n\n<p>Ahora se investiga si el historial criminal de Villalba pudo haber estado relacionado con la disputa que llev\u00f3 a su muerte. Mientras Cardozo se mantiene expectante en una celda, la fiscal Medina contin\u00faa con las diligencias correspondientes para esclarecer los detalles del conflicto y el m\u00f3vil del asesinato.<\/p>\n\n\n\n<p><\/p>\n","protected":false},"excerpt":{"rendered":"<p>La Polic\u00eda Bonaerense detuvo este jueves al acusado del crimen de \u00c1ngel Villalba, el joven de 19 a\u00f1os que fue asesinado a pu\u00f1aladas durante una pelea en una fiesta el pasado 19 de noviembre en la localidad de Melchor Romero. El sospechoso fue identificado como Mauricio Nicol\u00e1s Cardozo, de 20 a\u00f1os. Fuentes policiales comunicaron que el arresto de Cardozo se produjo en una casilla ubicada en la zona de las&hellip;<\/p>\n","protected":false},"author":2,"featured_media":36998,"comment_status":"open","ping_status":"open","sticky":false,"template":"","format":"standard","meta":{"_acf_changed":false,"footnotes":""},"categories":[8],"tags":[893],"class_list":["post-37683","post","type-post","status-publish","format-standard","has-post-thumbnail","hentry","category-policiales","tag-asesinato"],"acf":[],"aioseo_notices":[],"_links":{"self":[{"href":"https:\/\/larealidaddelaplata.com.ar\/index.php\/wp-json\/wp\/v2\/posts\/37683"}],"collection":[{"href":"https:\/\/larealidaddelaplata.com.ar\/index.php\/wp-json\/wp\/v2\/posts"}],"about":[{"href":"https:\/\/larealidaddelaplata.com.ar\/index.php\/wp-json\/wp\/v2\/types\/post"}],"author":[{"embeddable":true,"href":"https:\/\/larealidaddelaplata.com.ar\/index.php\/wp-json\/wp\/v2\/users\/2"}],"replies":[{"embeddable":true,"href":"https:\/\/larealidaddelaplata.com.ar\/index.php\/wp-json\/wp\/v2\/comments?post=37683"}],"version-history":[{"count":1,"href":"https:\/\/larealidaddelaplata.com.ar\/index.php\/wp-json\/wp\/v2\/posts\/37683\/revisions"}],"predecessor-version":[{"id":37684,"href":"https:\/\/larealidaddelaplata.com.ar\/index.php\/wp-json\/wp\/v2\/posts\/37683\/revisions\/37684"}],"wp:featuredmedia":[{"embeddable":true,"href":"https:\/\/larealidaddelaplata.com.ar\/index.php\/wp-json\/wp\/v2\/media\/36998"}],"wp:attachment":[{"href":"https:\/\/larealidaddelaplata.com.ar\/index.php\/wp-json\/wp\/v2\/media?parent=37683"}],"wp:term":[{"taxonomy":"category","embeddable":true,"href":"https:\/\/larealidaddelaplata.com.ar\/index.php\/wp-json\/wp\/v2\/categories?post=37683"},{"taxonomy":"post_tag","embeddable":true,"href":"https:\/\/larealidaddelaplata.com.ar\/index.php\/wp-json\/wp\/v2\/tags?post=37683"}],"curies":[{"name":"wp","href":"https:\/\/api.w.org\/{rel}","templated":true}]}}