{"id":37912,"date":"2024-12-20T16:55:21","date_gmt":"2024-12-20T19:55:21","guid":{"rendered":"https:\/\/larealidaddelaplata.com.ar\/?p=37912"},"modified":"2024-12-20T16:55:25","modified_gmt":"2024-12-20T19:55:25","slug":"investigan-a-los-policias-que-intentaron-ingresar-en-cuatriciclo-al-show-de-los-piojos","status":"publish","type":"post","link":"https:\/\/larealidaddelaplata.com.ar\/index.php\/2024\/12\/20\/investigan-a-los-policias-que-intentaron-ingresar-en-cuatriciclo-al-show-de-los-piojos\/","title":{"rendered":"Investigan a los polic\u00edas que intentaron ingresar en cuatriciclo al show de Los Piojos"},"content":{"rendered":"\n<p>Un hecho ins\u00f3lito sacude a la Polic\u00eda Bonaerense. El comisario mayor Christian Geada, jefe del Grupo de Apoyo Departamental (GAD) de Jun\u00edn, se encuentra bajo investigaci\u00f3n luego de que se viralizara un video donde se lo ve intentando ingresar de manera violenta a un recital de Los Piojos en el Estadio \u00danico de La Plata.<\/p>\n\n\n\n<p>Acompa\u00f1ado por Y\u00e9sica Silvia P\u00e9rez, secretaria del GAD y ex empleada de una cadena de comidas r\u00e1pidas, Geada intent\u00f3 evadir los controles de seguridad y acceder al evento a bordo de un cuatriciclo. En las im\u00e1genes se observa al comisario en un estado alterado, discutiendo con personal de seguridad, atropellando a un trabajador y posteriormente intentando escapar del lugar.<\/p>\n\n\n\n<p>Tanto Geada como P\u00e9rez fueron desafectados de sus cargos tras el incidente. Si bien se desconoce la naturaleza de la relaci\u00f3n entre ambos, las redes sociales muestran fotograf\u00edas de ellos juntos, lo que ha generado interrogantes sobre los motivos detr\u00e1s de esta acci\u00f3n.<\/p>\n\n\n\n<p>La conducta del comisario mayor ha generado una gran indignaci\u00f3n y ha puesto en tela de juicio su idoneidad para ocupar un cargo de responsabilidad dentro de la fuerza policial. Las autoridades investigan ahora las circunstancias que llevaron a este hecho y evaluar\u00e1n las posibles sanciones administrativas y penales.<\/p>\n","protected":false},"excerpt":{"rendered":"<p>Un hecho ins\u00f3lito sacude a la Polic\u00eda Bonaerense. El comisario mayor Christian Geada, jefe del Grupo de Apoyo Departamental (GAD) de Jun\u00edn, se encuentra bajo investigaci\u00f3n luego de que se viralizara un video donde se lo ve intentando ingresar de manera violenta a un recital de Los Piojos en el Estadio \u00danico de La Plata. Acompa\u00f1ado por Y\u00e9sica Silvia P\u00e9rez, secretaria del GAD y ex empleada de una cadena de&hellip;<\/p>\n","protected":false},"author":6,"featured_media":37913,"comment_status":"open","ping_status":"open","sticky":false,"template":"","format":"standard","meta":{"_acf_changed":false,"footnotes":""},"categories":[13],"tags":[],"class_list":["post-37912","post","type-post","status-publish","format-standard","has-post-thumbnail","hentry","category-sociedad"],"acf":[],"aioseo_notices":[],"_links":{"self":[{"href":"https:\/\/larealidaddelaplata.com.ar\/index.php\/wp-json\/wp\/v2\/posts\/37912"}],"collection":[{"href":"https:\/\/larealidaddelaplata.com.ar\/index.php\/wp-json\/wp\/v2\/posts"}],"about":[{"href":"https:\/\/larealidaddelaplata.com.ar\/index.php\/wp-json\/wp\/v2\/types\/post"}],"author":[{"embeddable":true,"href":"https:\/\/larealidaddelaplata.com.ar\/index.php\/wp-json\/wp\/v2\/users\/6"}],"replies":[{"embeddable":true,"href":"https:\/\/larealidaddelaplata.com.ar\/index.php\/wp-json\/wp\/v2\/comments?post=37912"}],"version-history":[{"count":1,"href":"https:\/\/larealidaddelaplata.com.ar\/index.php\/wp-json\/wp\/v2\/posts\/37912\/revisions"}],"predecessor-version":[{"id":37914,"href":"https:\/\/larealidaddelaplata.com.ar\/index.php\/wp-json\/wp\/v2\/posts\/37912\/revisions\/37914"}],"wp:featuredmedia":[{"embeddable":true,"href":"https:\/\/larealidaddelaplata.com.ar\/index.php\/wp-json\/wp\/v2\/media\/37913"}],"wp:attachment":[{"href":"https:\/\/larealidaddelaplata.com.ar\/index.php\/wp-json\/wp\/v2\/media?parent=37912"}],"wp:term":[{"taxonomy":"category","embeddable":true,"href":"https:\/\/larealidaddelaplata.com.ar\/index.php\/wp-json\/wp\/v2\/categories?post=37912"},{"taxonomy":"post_tag","embeddable":true,"href":"https:\/\/larealidaddelaplata.com.ar\/index.php\/wp-json\/wp\/v2\/tags?post=37912"}],"curies":[{"name":"wp","href":"https:\/\/api.w.org\/{rel}","templated":true}]}}