{"id":37917,"date":"2024-12-20T18:00:40","date_gmt":"2024-12-20T21:00:40","guid":{"rendered":"https:\/\/larealidaddelaplata.com.ar\/?p=37917"},"modified":"2024-12-20T18:00:44","modified_gmt":"2024-12-20T21:00:44","slug":"el-clasico-platense-ya-tiene-fecha-cuando-juegan-el-lobo-y-el-pincha","status":"publish","type":"post","link":"https:\/\/larealidaddelaplata.com.ar\/index.php\/2024\/12\/20\/el-clasico-platense-ya-tiene-fecha-cuando-juegan-el-lobo-y-el-pincha\/","title":{"rendered":"El cl\u00e1sico platense ya tiene fecha: \u00bfCu\u00e1ndo juegan el Lobo y el Pincha?"},"content":{"rendered":"\n<p>Tal cual se hab\u00eda confirmado desde la\u00a0<strong>Liga Profesional<\/strong>, para el 2025 se invierten las local\u00edas con respecto a lo que ocurri\u00f3 en el\u00a0<strong>2024<\/strong>, por lo cual,\u00a0<strong>Estudiantes\u00a0<\/strong>visitar\u00e1 a\u00a0<strong>Gimnasia\u00a0<\/strong>en el\u00a0<strong>Estadio Juan Carmelo Zerillo<\/strong>\u00a0por el\u00a0<strong>Torneo Liga Profesional<\/strong>, en lo que ser\u00e1 el primer\u00a0<strong>cl\u00e1sico platense<\/strong>\u00a0de la temporada.<\/p>\n\n\n\n<p>En la jornada de este viernes 20 de diciembre se llev\u00f3 a cabo tras el mediod\u00eda\u00a0el sorteo del Torneo Liga Profesional 2025\u00a0en el predio que posee la Asociaci\u00f3n del F\u00fatbol Argentino (AFA) en Ezeiza, donde participaron delegados de ambos clubes platenses.<\/p>\n\n\n\n<figure class=\"wp-block-image\"><img decoding=\"async\" src=\"https:\/\/media.0221.com.ar\/p\/b4cdc0fda0eb45db726360e3f502e8e3\/adjuntos\/357\/imagenes\/100\/142\/0100142269\/1400x0\/smart\/clasico-gimnasia-estudiantes-morales-piattijpg.jpg\" alt=\"Gimnasia recibir\u00e1 a Estudiantes en el Bosque el fin de semana del 13 de abril.\" title=\"Gimnasia recibir\u00e1 a Estudiantes en el Bosque el fin de semana del 13 de abril.\"\/><\/figure>\n\n\n\n<p>Tras la confirmaci\u00f3n de que Estudiantes integrar\u00e1 la Zona A y Gimnasia la Zona B del campeonato con el que se dar\u00e1 inicio al a\u00f1o pr\u00f3ximo, se sorte\u00f3 el fixture y se supo cu\u00e1ndo ser\u00e1 el interzonal entre el Lobo y el Pincha.<\/p>\n\n\n\n<p>Al concretarse el cronograma del 2025, se supo que por el&nbsp;<strong>Torneo<\/strong>&nbsp;<strong>Apertura&nbsp;<\/strong>Gimnasia debe recibir a Estudiantes en el Bosque el fin de semana del 13 de abril y en el&nbsp;<strong>Clausura&nbsp;<\/strong>el cl\u00e1sico se jugar\u00e1 en UNO, con fecha a definir.<\/p>\n\n\n\n<h2 class=\"wp-block-heading\">Cu\u00e1ndo juegan Estudiantes y Gimnasia por el Torneo Liga Profesional 2025<\/h2>\n\n\n\n<ul class=\"wp-block-list\">\n<li>Fecha 13 \u2014 Estadio Juan Carmelo Zerillo \u2014 Fin de semana del 13 de abril, en d\u00eda y horario a definir.<\/li>\n<\/ul>\n","protected":false},"excerpt":{"rendered":"<p>Tal cual se hab\u00eda confirmado desde la\u00a0Liga Profesional, para el 2025 se invierten las local\u00edas con respecto a lo que ocurri\u00f3 en el\u00a02024, por lo cual,\u00a0Estudiantes\u00a0visitar\u00e1 a\u00a0Gimnasia\u00a0en el\u00a0Estadio Juan Carmelo Zerillo\u00a0por el\u00a0Torneo Liga Profesional, en lo que ser\u00e1 el primer\u00a0cl\u00e1sico platense\u00a0de la temporada. En la jornada de este viernes 20 de diciembre se llev\u00f3 a cabo tras el mediod\u00eda\u00a0el sorteo del Torneo Liga Profesional 2025\u00a0en el predio que posee la&hellip;<\/p>\n","protected":false},"author":3,"featured_media":18896,"comment_status":"open","ping_status":"open","sticky":false,"template":"","format":"standard","meta":{"_acf_changed":false,"footnotes":""},"categories":[2],"tags":[],"class_list":["post-37917","post","type-post","status-publish","format-standard","has-post-thumbnail","hentry","category-provincia"],"acf":[],"aioseo_notices":[],"_links":{"self":[{"href":"https:\/\/larealidaddelaplata.com.ar\/index.php\/wp-json\/wp\/v2\/posts\/37917"}],"collection":[{"href":"https:\/\/larealidaddelaplata.com.ar\/index.php\/wp-json\/wp\/v2\/posts"}],"about":[{"href":"https:\/\/larealidaddelaplata.com.ar\/index.php\/wp-json\/wp\/v2\/types\/post"}],"author":[{"embeddable":true,"href":"https:\/\/larealidaddelaplata.com.ar\/index.php\/wp-json\/wp\/v2\/users\/3"}],"replies":[{"embeddable":true,"href":"https:\/\/larealidaddelaplata.com.ar\/index.php\/wp-json\/wp\/v2\/comments?post=37917"}],"version-history":[{"count":1,"href":"https:\/\/larealidaddelaplata.com.ar\/index.php\/wp-json\/wp\/v2\/posts\/37917\/revisions"}],"predecessor-version":[{"id":37918,"href":"https:\/\/larealidaddelaplata.com.ar\/index.php\/wp-json\/wp\/v2\/posts\/37917\/revisions\/37918"}],"wp:featuredmedia":[{"embeddable":true,"href":"https:\/\/larealidaddelaplata.com.ar\/index.php\/wp-json\/wp\/v2\/media\/18896"}],"wp:attachment":[{"href":"https:\/\/larealidaddelaplata.com.ar\/index.php\/wp-json\/wp\/v2\/media?parent=37917"}],"wp:term":[{"taxonomy":"category","embeddable":true,"href":"https:\/\/larealidaddelaplata.com.ar\/index.php\/wp-json\/wp\/v2\/categories?post=37917"},{"taxonomy":"post_tag","embeddable":true,"href":"https:\/\/larealidaddelaplata.com.ar\/index.php\/wp-json\/wp\/v2\/tags?post=37917"}],"curies":[{"name":"wp","href":"https:\/\/api.w.org\/{rel}","templated":true}]}}