{"id":37919,"date":"2024-12-20T18:22:03","date_gmt":"2024-12-20T21:22:03","guid":{"rendered":"https:\/\/larealidaddelaplata.com.ar\/?p=37919"},"modified":"2024-12-20T18:22:06","modified_gmt":"2024-12-20T21:22:06","slug":"robo-el-estereo-de-un-auto-en-la-plata-fue-registrado-por-la-camaras-del-com-y-lo-detuvieron","status":"publish","type":"post","link":"https:\/\/larealidaddelaplata.com.ar\/index.php\/2024\/12\/20\/robo-el-estereo-de-un-auto-en-la-plata-fue-registrado-por-la-camaras-del-com-y-lo-detuvieron\/","title":{"rendered":"Rob\u00f3 el est\u00e9reo de un auto en La Plata, fue registrado por la c\u00e1maras del COM y lo detuvieron"},"content":{"rendered":"\n<p>Un joven fue detenido este jueves a la noche por efectivos policiales luego de violentar la puerta de un veh\u00edculo en La Plata y robar\u00a0el est\u00e9reo. La situaci\u00f3n fue registrada por las c\u00e1maras del\u00a0<strong>Centro de Operaciones Municipal<\/strong>\u00a0(COM).<\/p>\n\n\n\n<p>Todo comenz\u00f3 cuando operadores del nuevo\u00a0COM, inaugurado esta semana por el intendente\u00a0<strong>Julio Alak<\/strong>, detectaron a al individuo forzando la puerta delantera de un auto estacionado en diagonal 80 y 46, y sacando del interior el est\u00e9reo.\u00a0<\/p>\n\n\n\n<figure class=\"wp-block-embed is-type-video is-provider-youtube wp-block-embed-youtube wp-embed-aspect-16-9 wp-has-aspect-ratio\"><div class=\"wp-block-embed__wrapper\">\n<iframe loading=\"lazy\" title=\"Robo - D80 y 46 - 19\/12\/2024\" width=\"640\" height=\"360\" src=\"https:\/\/www.youtube.com\/embed\/CNfAPdJjLhg?feature=oembed\" frameborder=\"0\" allow=\"accelerometer; autoplay; clipboard-write; encrypted-media; gyroscope; picture-in-picture; web-share\" referrerpolicy=\"strict-origin-when-cross-origin\" allowfullscreen><\/iframe>\n<\/div><\/figure>\n\n\n\n<p>A ra\u00edz de esta situaci\u00f3n, desde el Centro de Operaciones Municipal articularon&nbsp;una intervenci\u00f3n inmediata de la polic\u00eda, y lograron&nbsp; interceptar y detener al ladr\u00f3n a pocas cuadras de donde ocurri\u00f3 el robo.<\/p>\n\n\n\n<p>El nuevo Centro de Operaciones Municipal cuenta con 140 operadores capacitados y especializados que monitorean las m\u00e1s de 900 c\u00e1maras activas con las que cuenta la ciudad.<\/p>\n\n\n\n<p>Adem\u00e1s, est\u00e1 equipado con tecnolog\u00eda de punta que hace posible el monitoreo y la coordinaci\u00f3n para combatir la delincuencia, las emergencias e inconvenientes vinculados al ordenamiento urbano.<\/p>\n","protected":false},"excerpt":{"rendered":"<p>Un joven fue detenido este jueves a la noche por efectivos policiales luego de violentar la puerta de un veh\u00edculo en La Plata y robar\u00a0el est\u00e9reo. La situaci\u00f3n fue registrada por las c\u00e1maras del\u00a0Centro de Operaciones Municipal\u00a0(COM). Todo comenz\u00f3 cuando operadores del nuevo\u00a0COM, inaugurado esta semana por el intendente\u00a0Julio Alak, detectaron a al individuo forzando la puerta delantera de un auto estacionado en diagonal 80 y 46, y sacando del&hellip;<\/p>\n","protected":false},"author":3,"featured_media":37920,"comment_status":"open","ping_status":"open","sticky":false,"template":"","format":"standard","meta":{"_acf_changed":false,"footnotes":""},"categories":[2],"tags":[],"class_list":["post-37919","post","type-post","status-publish","format-standard","has-post-thumbnail","hentry","category-provincia"],"acf":[],"aioseo_notices":[],"_links":{"self":[{"href":"https:\/\/larealidaddelaplata.com.ar\/index.php\/wp-json\/wp\/v2\/posts\/37919"}],"collection":[{"href":"https:\/\/larealidaddelaplata.com.ar\/index.php\/wp-json\/wp\/v2\/posts"}],"about":[{"href":"https:\/\/larealidaddelaplata.com.ar\/index.php\/wp-json\/wp\/v2\/types\/post"}],"author":[{"embeddable":true,"href":"https:\/\/larealidaddelaplata.com.ar\/index.php\/wp-json\/wp\/v2\/users\/3"}],"replies":[{"embeddable":true,"href":"https:\/\/larealidaddelaplata.com.ar\/index.php\/wp-json\/wp\/v2\/comments?post=37919"}],"version-history":[{"count":1,"href":"https:\/\/larealidaddelaplata.com.ar\/index.php\/wp-json\/wp\/v2\/posts\/37919\/revisions"}],"predecessor-version":[{"id":37922,"href":"https:\/\/larealidaddelaplata.com.ar\/index.php\/wp-json\/wp\/v2\/posts\/37919\/revisions\/37922"}],"wp:featuredmedia":[{"embeddable":true,"href":"https:\/\/larealidaddelaplata.com.ar\/index.php\/wp-json\/wp\/v2\/media\/37920"}],"wp:attachment":[{"href":"https:\/\/larealidaddelaplata.com.ar\/index.php\/wp-json\/wp\/v2\/media?parent=37919"}],"wp:term":[{"taxonomy":"category","embeddable":true,"href":"https:\/\/larealidaddelaplata.com.ar\/index.php\/wp-json\/wp\/v2\/categories?post=37919"},{"taxonomy":"post_tag","embeddable":true,"href":"https:\/\/larealidaddelaplata.com.ar\/index.php\/wp-json\/wp\/v2\/tags?post=37919"}],"curies":[{"name":"wp","href":"https:\/\/api.w.org\/{rel}","templated":true}]}}