{"id":37924,"date":"2024-12-21T18:33:34","date_gmt":"2024-12-21T21:33:34","guid":{"rendered":"https:\/\/larealidaddelaplata.com.ar\/?p=37924"},"modified":"2024-12-21T18:33:38","modified_gmt":"2024-12-21T21:33:38","slug":"ensenada-incendio-y-humo-negro-en-la-refineria-de-ypf","status":"publish","type":"post","link":"https:\/\/larealidaddelaplata.com.ar\/index.php\/2024\/12\/21\/ensenada-incendio-y-humo-negro-en-la-refineria-de-ypf\/","title":{"rendered":"Ensenada: incendio y humo negro en la refiner\u00eda de YPF\u00a0"},"content":{"rendered":"\n<p>Minutos despu\u00e9s de las seis de la ma\u00f1ana se vivieron momentos de tensi\u00f3n cuando comenz\u00f3 un incendio en uno de los dep\u00f3sitos que est\u00e1 cerca de la avenida del Petr\u00f3leo, en el predio de la destiler\u00eda de YPF en Ensenada.<\/p>\n\n\n\n<p>La nube de humo lleg\u00f3 a verse desde el centro de La Plata por su gran dimensi\u00f3n. En el lugar trabajaron bomberos de Ensenada y Berisso.<\/p>\n\n\n\n<p>Un vecino que se encuentra en 128 y 60 dijo a la RED92: &#8220;vi un mot\u00f3n de humo, el fuego no lo vi, pero s\u00ed que hab\u00eda mucho humo. Se prendi\u00f3 como la otra vez, me preocupa porque tengo mi familia&#8221;.<\/p>\n\n\n\n<p>De acuerdo a lo informado por la Agencia Noticias Argentinas, los Bomberos lograron controlar la situaci\u00f3n.<\/p>\n\n\n\n<p>En ese marco, indicaron que el incendio se produjo en la zona de lubricantes y el control se dio de manera interna.<\/p>\n\n\n\n<p>En tanto, se\u00f1alaron que no hubo heridos. Cabe destacar que el 22 de agosto hubo un incendio de grandes magnitudes en la refiner\u00eda de YPF en Ensenada. En aquel momento, las llamas llegaron a los 30 metros de altura y los bomberos controlaron la situaci\u00f3n despu\u00e9s de horas.<\/p>\n","protected":false},"excerpt":{"rendered":"<p>Minutos despu\u00e9s de las seis de la ma\u00f1ana se vivieron momentos de tensi\u00f3n cuando comenz\u00f3 un incendio en uno de los dep\u00f3sitos que est\u00e1 cerca de la avenida del Petr\u00f3leo, en el predio de la destiler\u00eda de YPF en Ensenada. La nube de humo lleg\u00f3 a verse desde el centro de La Plata por su gran dimensi\u00f3n. En el lugar trabajaron bomberos de Ensenada y Berisso. Un vecino que se&hellip;<\/p>\n","protected":false},"author":2,"featured_media":37925,"comment_status":"open","ping_status":"open","sticky":false,"template":"","format":"standard","meta":{"_acf_changed":false,"footnotes":""},"categories":[2],"tags":[],"class_list":["post-37924","post","type-post","status-publish","format-standard","has-post-thumbnail","hentry","category-provincia"],"acf":[],"aioseo_notices":[],"_links":{"self":[{"href":"https:\/\/larealidaddelaplata.com.ar\/index.php\/wp-json\/wp\/v2\/posts\/37924"}],"collection":[{"href":"https:\/\/larealidaddelaplata.com.ar\/index.php\/wp-json\/wp\/v2\/posts"}],"about":[{"href":"https:\/\/larealidaddelaplata.com.ar\/index.php\/wp-json\/wp\/v2\/types\/post"}],"author":[{"embeddable":true,"href":"https:\/\/larealidaddelaplata.com.ar\/index.php\/wp-json\/wp\/v2\/users\/2"}],"replies":[{"embeddable":true,"href":"https:\/\/larealidaddelaplata.com.ar\/index.php\/wp-json\/wp\/v2\/comments?post=37924"}],"version-history":[{"count":1,"href":"https:\/\/larealidaddelaplata.com.ar\/index.php\/wp-json\/wp\/v2\/posts\/37924\/revisions"}],"predecessor-version":[{"id":37926,"href":"https:\/\/larealidaddelaplata.com.ar\/index.php\/wp-json\/wp\/v2\/posts\/37924\/revisions\/37926"}],"wp:featuredmedia":[{"embeddable":true,"href":"https:\/\/larealidaddelaplata.com.ar\/index.php\/wp-json\/wp\/v2\/media\/37925"}],"wp:attachment":[{"href":"https:\/\/larealidaddelaplata.com.ar\/index.php\/wp-json\/wp\/v2\/media?parent=37924"}],"wp:term":[{"taxonomy":"category","embeddable":true,"href":"https:\/\/larealidaddelaplata.com.ar\/index.php\/wp-json\/wp\/v2\/categories?post=37924"},{"taxonomy":"post_tag","embeddable":true,"href":"https:\/\/larealidaddelaplata.com.ar\/index.php\/wp-json\/wp\/v2\/tags?post=37924"}],"curies":[{"name":"wp","href":"https:\/\/api.w.org\/{rel}","templated":true}]}}