{"id":37927,"date":"2024-12-21T18:43:30","date_gmt":"2024-12-21T21:43:30","guid":{"rendered":"https:\/\/larealidaddelaplata.com.ar\/?p=37927"},"modified":"2024-12-21T18:43:34","modified_gmt":"2024-12-21T21:43:34","slug":"villa-elvira-desarticularon-el-aguantadero-de-wilson","status":"publish","type":"post","link":"https:\/\/larealidaddelaplata.com.ar\/index.php\/2024\/12\/21\/villa-elvira-desarticularon-el-aguantadero-de-wilson\/","title":{"rendered":"Villa Elvira: Desarticularon el &#8220;aguantadero de Wilson&#8221;\u00a0"},"content":{"rendered":"\n<p>El pasado jueves, la polic\u00eda encabez\u00f3 una raid policial en La Plata, que termin\u00f3 con la aprehensi\u00f3n de tres sujetos y la incautaci\u00f3n de un auto. Tras realizar tareas investigativas, dieron con una finca donde se encontraba un cuarto implicado.<\/p>\n\n\n\n<p>Seg\u00fan fuentes policiales, se libr\u00f3 una persecuci\u00f3n policial en el barrio de Villa Elvira donde uno de los implicados descart\u00f3 un arma en un domicilio en calle 5 bis entre 601 y 602, propiedad de uno de los detenidos, apodado &#8220;Wilson&#8221;, de apenas 18 a\u00f1os y sindicado como l\u00edder de la banda.<\/p>\n\n\n\n<p>En el lugar se incautaron un rev\u00f3lver 38 corto y 23 proyectiles de ese calibre, un cargador de 9 mil\u00edmetros y 52 proyectiles de igual medida, 14 proyectiles de 45 y 3 proyectiles de 38 largo. Tambi\u00e9n el auto donde se transportaban, que ten\u00eda pedido de captura.<\/p>\n\n\n\n<p>Adem\u00e1s de 1 balanza de precisi\u00f3n, un celular Samsung, 2 envoltorios por un total de 165 gramos de coca\u00edna, 1 ladrillo de marihuana de 483 gramos y unos 5400 pesos en efectivo. Seg\u00fan se inform\u00f3, se tratar\u00edan de sustancias y elementos relacionados con el fraccionamiento y venta de drogas.<\/p>\n\n\n\n<p>La causa fue caratulada como &#8220;tenencia de estupefacientes con fines de comercializaci\u00f3n &#8211; tenencia ilegal de arma de guerra&#8221;.<\/p>\n","protected":false},"excerpt":{"rendered":"<p>El pasado jueves, la polic\u00eda encabez\u00f3 una raid policial en La Plata, que termin\u00f3 con la aprehensi\u00f3n de tres sujetos y la incautaci\u00f3n de un auto. Tras realizar tareas investigativas, dieron con una finca donde se encontraba un cuarto implicado. Seg\u00fan fuentes policiales, se libr\u00f3 una persecuci\u00f3n policial en el barrio de Villa Elvira donde uno de los implicados descart\u00f3 un arma en un domicilio en calle 5 bis entre&hellip;<\/p>\n","protected":false},"author":2,"featured_media":37928,"comment_status":"open","ping_status":"open","sticky":false,"template":"","format":"standard","meta":{"_acf_changed":false,"footnotes":""},"categories":[2],"tags":[],"class_list":["post-37927","post","type-post","status-publish","format-standard","has-post-thumbnail","hentry","category-provincia"],"acf":[],"aioseo_notices":[],"_links":{"self":[{"href":"https:\/\/larealidaddelaplata.com.ar\/index.php\/wp-json\/wp\/v2\/posts\/37927"}],"collection":[{"href":"https:\/\/larealidaddelaplata.com.ar\/index.php\/wp-json\/wp\/v2\/posts"}],"about":[{"href":"https:\/\/larealidaddelaplata.com.ar\/index.php\/wp-json\/wp\/v2\/types\/post"}],"author":[{"embeddable":true,"href":"https:\/\/larealidaddelaplata.com.ar\/index.php\/wp-json\/wp\/v2\/users\/2"}],"replies":[{"embeddable":true,"href":"https:\/\/larealidaddelaplata.com.ar\/index.php\/wp-json\/wp\/v2\/comments?post=37927"}],"version-history":[{"count":1,"href":"https:\/\/larealidaddelaplata.com.ar\/index.php\/wp-json\/wp\/v2\/posts\/37927\/revisions"}],"predecessor-version":[{"id":37929,"href":"https:\/\/larealidaddelaplata.com.ar\/index.php\/wp-json\/wp\/v2\/posts\/37927\/revisions\/37929"}],"wp:featuredmedia":[{"embeddable":true,"href":"https:\/\/larealidaddelaplata.com.ar\/index.php\/wp-json\/wp\/v2\/media\/37928"}],"wp:attachment":[{"href":"https:\/\/larealidaddelaplata.com.ar\/index.php\/wp-json\/wp\/v2\/media?parent=37927"}],"wp:term":[{"taxonomy":"category","embeddable":true,"href":"https:\/\/larealidaddelaplata.com.ar\/index.php\/wp-json\/wp\/v2\/categories?post=37927"},{"taxonomy":"post_tag","embeddable":true,"href":"https:\/\/larealidaddelaplata.com.ar\/index.php\/wp-json\/wp\/v2\/tags?post=37927"}],"curies":[{"name":"wp","href":"https:\/\/api.w.org\/{rel}","templated":true}]}}