{"id":37930,"date":"2024-12-22T16:44:01","date_gmt":"2024-12-22T19:44:01","guid":{"rendered":"https:\/\/larealidaddelaplata.com.ar\/?p=37930"},"modified":"2024-12-22T16:44:05","modified_gmt":"2024-12-22T19:44:05","slug":"estudiantes-de-la-plata-sumo-un-nuevo-titulo-coronandose-en-el-trofeo-de-campeones","status":"publish","type":"post","link":"https:\/\/larealidaddelaplata.com.ar\/index.php\/2024\/12\/22\/estudiantes-de-la-plata-sumo-un-nuevo-titulo-coronandose-en-el-trofeo-de-campeones\/","title":{"rendered":"Estudiantes de La Plata sum\u00f3 un nuevo t\u00edtulo coron\u00e1ndose en el Trofeo de Campeones"},"content":{"rendered":"\n<p>En un partido que se llev\u00f3 a cabo en Santiago del Estero por el Trofeo de Campeones 2024, Estudiantes de La Plata, campe\u00f3n de la Copa de la Liga 2024, gole\u00f3 3-0 a V\u00e9lez, campe\u00f3n de la Liga Profesional 2024, y sum\u00f3 un nuevo t\u00edtulo a su vitrina.<\/p>\n\n\n\n<p>El encuentro tuvo lugar en el estadio \u00fanico Madre de Ciudades desde las 21 y cont\u00f3 con el arbitraje principal de Leandro Rey Hilfer, quien fue secundado en el VAR por Hern\u00e1n Mastr\u00e1ngelo.<\/p>\n\n\n\n<p>Los goles para la coronaci\u00f3n estuvieron en manos de Tom\u00e1s Marchiori (en contra), a los 24 minutos; Alexis Manyoma, a los 29; y Guido Carrillo, a los 77.<\/p>\n","protected":false},"excerpt":{"rendered":"<p>En un partido que se llev\u00f3 a cabo en Santiago del Estero por el Trofeo de Campeones 2024, Estudiantes de La Plata, campe\u00f3n de la Copa de la Liga 2024, gole\u00f3 3-0 a V\u00e9lez, campe\u00f3n de la Liga Profesional 2024, y sum\u00f3 un nuevo t\u00edtulo a su vitrina. El encuentro tuvo lugar en el estadio \u00fanico Madre de Ciudades desde las 21 y cont\u00f3 con el arbitraje principal de Leandro&hellip;<\/p>\n","protected":false},"author":2,"featured_media":37931,"comment_status":"open","ping_status":"open","sticky":false,"template":"","format":"standard","meta":{"_acf_changed":false,"footnotes":""},"categories":[2],"tags":[],"class_list":["post-37930","post","type-post","status-publish","format-standard","has-post-thumbnail","hentry","category-provincia"],"acf":[],"aioseo_notices":[],"_links":{"self":[{"href":"https:\/\/larealidaddelaplata.com.ar\/index.php\/wp-json\/wp\/v2\/posts\/37930"}],"collection":[{"href":"https:\/\/larealidaddelaplata.com.ar\/index.php\/wp-json\/wp\/v2\/posts"}],"about":[{"href":"https:\/\/larealidaddelaplata.com.ar\/index.php\/wp-json\/wp\/v2\/types\/post"}],"author":[{"embeddable":true,"href":"https:\/\/larealidaddelaplata.com.ar\/index.php\/wp-json\/wp\/v2\/users\/2"}],"replies":[{"embeddable":true,"href":"https:\/\/larealidaddelaplata.com.ar\/index.php\/wp-json\/wp\/v2\/comments?post=37930"}],"version-history":[{"count":1,"href":"https:\/\/larealidaddelaplata.com.ar\/index.php\/wp-json\/wp\/v2\/posts\/37930\/revisions"}],"predecessor-version":[{"id":37932,"href":"https:\/\/larealidaddelaplata.com.ar\/index.php\/wp-json\/wp\/v2\/posts\/37930\/revisions\/37932"}],"wp:featuredmedia":[{"embeddable":true,"href":"https:\/\/larealidaddelaplata.com.ar\/index.php\/wp-json\/wp\/v2\/media\/37931"}],"wp:attachment":[{"href":"https:\/\/larealidaddelaplata.com.ar\/index.php\/wp-json\/wp\/v2\/media?parent=37930"}],"wp:term":[{"taxonomy":"category","embeddable":true,"href":"https:\/\/larealidaddelaplata.com.ar\/index.php\/wp-json\/wp\/v2\/categories?post=37930"},{"taxonomy":"post_tag","embeddable":true,"href":"https:\/\/larealidaddelaplata.com.ar\/index.php\/wp-json\/wp\/v2\/tags?post=37930"}],"curies":[{"name":"wp","href":"https:\/\/api.w.org\/{rel}","templated":true}]}}