{"id":38029,"date":"2025-01-04T15:50:40","date_gmt":"2025-01-04T18:50:40","guid":{"rendered":"https:\/\/larealidaddelaplata.com.ar\/?p=38029"},"modified":"2025-01-04T15:50:42","modified_gmt":"2025-01-04T18:50:42","slug":"melchor-romero-paciente-psiquiatrico-del-hospital-alejandro-korn-prendio-fuego-a-otro","status":"publish","type":"post","link":"https:\/\/larealidaddelaplata.com.ar\/index.php\/2025\/01\/04\/melchor-romero-paciente-psiquiatrico-del-hospital-alejandro-korn-prendio-fuego-a-otro\/","title":{"rendered":"Melchor Romero: Paciente psiqui\u00e1trico del Hospital Alejandro Korn prendi\u00f3 fuego a otro\u00a0"},"content":{"rendered":"\n<p>Un paciente psiqui\u00e1trico del Hospital Alejandro Korn prendi\u00f3 fuego a un compa\u00f1ero mientras dorm\u00eda. Tanto la mec\u00e1nica como los motivos del brutal ataque todav\u00eda se encuentran bajo investigaci\u00f3n, pero s\u00ed se supo que la v\u00edctima se encuentra en estado cr\u00edtico, internada en ese centro de salud de La Plata y con el 60% del cuerpo quemado.<\/p>\n\n\n\n<p>El incidente ocurri\u00f3 en el Pabell\u00f3n Penfield, ubicado en 520 y 175 de la localidad platense de Melchor Romero; y, seg\u00fan trascendi\u00f3, los enfermeros acudieron a la escena tras escuchar los gritos de desesperaci\u00f3n del interno que hab\u00eda sido incendiado.<\/p>\n\n\n\n<p>En medio de la conmoci\u00f3n, los miembros del personal evitaron que las llamas se siguieran propagando y trasladaron al paciente al sector de urgencias m\u00e9dicas para que pudiera ser atendido. Pese a que el hombre fue estabilizado, qued\u00f3 internado en un delicado estado de salud y ahora se espera por su evoluci\u00f3n.<\/p>\n\n\n\n<p>Aunque los investigadores todav\u00eda trabajan en determinar qu\u00e9 fue lo que desat\u00f3 el brutal incidente, la jefa de Guarida del centro de salud realiz\u00f3 una denuncia formal del hecho en la comisar\u00eda Decimocuarta y apunt\u00f3 que el ataque habr\u00eda estado relacionado con una presunta pelea que los dos pacientes habr\u00edan tenido horas antes de lo sucedido.<\/p>\n\n\n\n<p>En ese marco, la Justicia inici\u00f3 una investigaci\u00f3n que qued\u00f3 caratulada como &#8220;tentativa de homicidio&#8221; y qued\u00f3 en manos de la Unidad Funcional de Instrucci\u00f3n (UFI) N\u00b0 3, a cargo del fiscal Gonzalo Petic Bosnic.<\/p>\n","protected":false},"excerpt":{"rendered":"<p>Un paciente psiqui\u00e1trico del Hospital Alejandro Korn prendi\u00f3 fuego a un compa\u00f1ero mientras dorm\u00eda. Tanto la mec\u00e1nica como los motivos del brutal ataque todav\u00eda se encuentran bajo investigaci\u00f3n, pero s\u00ed se supo que la v\u00edctima se encuentra en estado cr\u00edtico, internada en ese centro de salud de La Plata y con el 60% del cuerpo quemado. El incidente ocurri\u00f3 en el Pabell\u00f3n Penfield, ubicado en 520 y 175 de la&hellip;<\/p>\n","protected":false},"author":2,"featured_media":38030,"comment_status":"open","ping_status":"open","sticky":false,"template":"","format":"standard","meta":{"_acf_changed":false,"footnotes":""},"categories":[13],"tags":[75],"class_list":["post-38029","post","type-post","status-publish","format-standard","has-post-thumbnail","hentry","category-sociedad","tag-melchor-romero"],"acf":[],"aioseo_notices":[],"_links":{"self":[{"href":"https:\/\/larealidaddelaplata.com.ar\/index.php\/wp-json\/wp\/v2\/posts\/38029"}],"collection":[{"href":"https:\/\/larealidaddelaplata.com.ar\/index.php\/wp-json\/wp\/v2\/posts"}],"about":[{"href":"https:\/\/larealidaddelaplata.com.ar\/index.php\/wp-json\/wp\/v2\/types\/post"}],"author":[{"embeddable":true,"href":"https:\/\/larealidaddelaplata.com.ar\/index.php\/wp-json\/wp\/v2\/users\/2"}],"replies":[{"embeddable":true,"href":"https:\/\/larealidaddelaplata.com.ar\/index.php\/wp-json\/wp\/v2\/comments?post=38029"}],"version-history":[{"count":1,"href":"https:\/\/larealidaddelaplata.com.ar\/index.php\/wp-json\/wp\/v2\/posts\/38029\/revisions"}],"predecessor-version":[{"id":38031,"href":"https:\/\/larealidaddelaplata.com.ar\/index.php\/wp-json\/wp\/v2\/posts\/38029\/revisions\/38031"}],"wp:featuredmedia":[{"embeddable":true,"href":"https:\/\/larealidaddelaplata.com.ar\/index.php\/wp-json\/wp\/v2\/media\/38030"}],"wp:attachment":[{"href":"https:\/\/larealidaddelaplata.com.ar\/index.php\/wp-json\/wp\/v2\/media?parent=38029"}],"wp:term":[{"taxonomy":"category","embeddable":true,"href":"https:\/\/larealidaddelaplata.com.ar\/index.php\/wp-json\/wp\/v2\/categories?post=38029"},{"taxonomy":"post_tag","embeddable":true,"href":"https:\/\/larealidaddelaplata.com.ar\/index.php\/wp-json\/wp\/v2\/tags?post=38029"}],"curies":[{"name":"wp","href":"https:\/\/api.w.org\/{rel}","templated":true}]}}